{"id":31152,"date":"2026-04-30T00:07:00","date_gmt":"2026-04-30T03:07:00","guid":{"rendered":"https:\/\/diariorepublica.com.ar\/web\/?p=31152"},"modified":"2026-04-30T09:09:06","modified_gmt":"2026-04-30T12:09:06","slug":"adorni-en-el-congreso-dijo-que-no-va-a-renunciar-y-aseguro-que-no-hubo-delito","status":"publish","type":"post","link":"https:\/\/diariorepublica.com.ar\/web\/index.php\/politica\/2026\/04\/30\/adorni-en-el-congreso-dijo-que-no-va-a-renunciar-y-aseguro-que-no-hubo-delito\/","title":{"rendered":"Adorni en el Congreso: dijo que no va a renunciar y asegur\u00f3 que \u00abno hubo delito\u00bb"},"content":{"rendered":"<article id=\"article-post\" class=\"first\">\n<div class=\"cuerpo\" data-twitter-link=\"https:\/\/twitter.com\/intent\/tweet?url=https:\/\/www.diariopopular.com.ar\/c897850&amp;via=poopulardiario&amp;related=Popular&amp;text=\">\n<p id=\"p-1777473610831-53099\">El jefe de Gabinete,\u00a0<strong>Manuel Adorni, denunci\u00f3 este mi\u00e9rcoles que el kirchnerismo, empresarios \u201cprebendarios\u201d y algunos medios de comunicaci\u00f3n, realizaron una \u201coperaci\u00f3n golpista\u201d\u00a0<\/strong>a mediados del a\u00f1o pasado que retras\u00f3, a su criterio, la \u201creconstrucci\u00f3n\u201d del camino elegido por el gobierno libertario.<\/p>\n<\/div>\n<\/article>\n<article id=\"article-post\">\n<div class=\"cuerpo\" data-twitter-link=\"#TWEMBEDLINK#\">\n<p id=\"p-1777498512049-7196\">El funcionario expuso en el\u00a0<strong>Congreso de la Naci\u00f3n<\/strong>\u00a0durante casi siete horas y protagoniz\u00f3 varios cruces con diputados de la oposici\u00f3n, en medio de un clima tenso dentro del recinto. Asegur\u00f3 que descarta renunciar: \u00abPor el contrario, estoy ac\u00e1 dando la cara\u00bb.<\/p>\n<\/div>\n<\/article>\n<article id=\"article-post\">\n<div class=\"cuerpo\" data-twitter-link=\"#TWEMBEDLINK#\">\n<p id=\"p-1777473610831-9761\">En el primer tramo de su discurso, Adorni atac\u00f3 con dureza al kirchnerismo y defendi\u00f3 el \u00abplan anti-inflacionario\u00bb aplicado por el oficialismo al se\u00f1alar que se descendi\u00f3 en dos a\u00f1os del 211% al 31%.<\/p>\n<\/div>\n<\/article>\n<article id=\"article-post\">\n<div class=\"cuerpo\" data-twitter-link=\"#TWEMBEDLINK#\">\n<p id=\"p-1777473649889-70916\">Expres\u00f3 estos conceptos en una sesi\u00f3n de alta tensi\u00f3n que se realizaba en la C\u00e1mara de Diputados, con la presencia del presidente<strong>\u00a0Javier Milei<\/strong>\u00a0que concurri\u00f3 junto a Gabinete en respaldo a Adorni, quien\u00a0<strong>atraviesa denuncias judiciales por el incremento de su patrimonio<\/strong>.<\/p>\n<\/div>\n<\/article>\n<article id=\"article-post\">\n<div class=\"cuerpo\" data-twitter-link=\"#TWEMBEDLINK#\">\n<p id=\"p-1777473649889-71523\">El discurso de Adorni se realiza en medio de los aplausos de los diputados libertarios, ministros y militantes que colmaron los palcos de invitados en el recinto de sesiones.<\/p>\n<p id=\"p-1777473791280-9530\">Adorni se\u00f1al\u00f3:\u00a0<strong>\u201cRecibimos un pa\u00eds en crisis: cepo y brecha cambiaria del 200%, d\u00e9ficit fiscal alt\u00edsimo, Estado sobredimensionado, pobreza infantil del 60%, piquetes, violencia, sistemas de salud y educaci\u00f3n devastados, y aislamiento internacional\u201d<\/strong>.<\/p>\n<div id=\"embed29_wrap\" class=\"embed_cont type_freetext\" contenteditable=\"false\">\n<div id=\"embed29_content\" class=\"embed_content\">\n<div id=\"embed29_embed\"><iframe loading=\"lazy\" title=\"YouTube video player\" src=\"https:\/\/www.youtube.com\/embed\/JU3bjZB9LeU?si=JI4cJwZBhh5pxxUf\" width=\"560\" height=\"315\" frameborder=\"0\" allowfullscreen=\"allowfullscreen\" data-gtm-yt-inspected-14=\"true\" data-mce-fragment=\"1\"><\/iframe><\/div>\n<\/div>\n<div id=\"p-1777480212057-98861\" class=\"embed_wrapper-cont\">\n<div id=\"embed29_epigrafe\" class=\"embed_epigrafe\"><\/div>\n<div id=\"embed29_copyright\" class=\"embed_copyright\"><\/div>\n<\/div>\n<\/div>\n<p id=\"p-1777476461993-70022\">\n<p id=\"p-1777473791280-23878\">Destaco que si no actuaban r\u00e1pido, \u00abla econom\u00eda y la pobreza hubieran colapsado a\u00fan m\u00e1s\u201d. \u201c<strong>El kirchnerismo intent\u00f3 desestabilizar durante la campa\u00f1a, generando corrida cambiaria y suba de tasas, lo que agrav\u00f3 la situaci\u00f3n\u201d<\/strong>, subray\u00f3.<\/p>\n<p id=\"p-1777473790980-81828\">\n<p id=\"p-1777473803309-8181\">A su vez, agreg\u00f3: \u201cA pesar de esto, no nos desviamos: logramos super\u00e1vit fiscal por primera vez en m\u00e1s de un siglo, bajamos el gasto p\u00fablico al m\u00ednimo en diez a\u00f1os, eliminamos estructuras estatales innecesarias y privilegios\u201d.<\/p>\n<p id=\"p-1777473803309-11554\">En su discurso reconoci\u00f3 que \u201c<strong>hubo un retraso en nuestro camino de la reconstrucci\u00f3n que que se explica, en gran parte, por un fen\u00f3meno que vivimos con historia crudeza durante la segunda mitad del a\u00f1o pasado, la operaci\u00f3n golpista que el kirchnerismo de izquierda ejecutaron en plena campa\u00f1a electoral\u201d<\/strong><\/p>\n<p id=\"p-1777473803309-17635\">En ese sentido, Adorni se\u00f1al\u00f3 que \u201cel riesgo pa\u00eds se dispar\u00f3 en funci\u00f3n de una posible victoria del kirchnerismo en las urnas\u201d y eso \u201ctrajo serias dificultades para la gente de a pie y afect\u00f3 negativamente el bolsillo de los argentinos\u201d<\/p>\n<p id=\"p-1777473803309-24767\" title=\"__IP__\" data-ipspy=\"__IP__\">\u201cComo si esto fuera poco, la oposici\u00f3n se dedic\u00f3 a operar financieramente en contra del gobierno y a impulsar leyes en el Congreso de la Naci\u00f3n con el \u00fanico prop\u00f3sito de romper el equilibrio fiscal\u201d, destac\u00f3 y sum\u00f3: \u00abTodav\u00eda sufrimos los efectos de aquel ataque, pero eso no nos debi\u00f3 un cent\u00edmetro de nuestro camino\u201d.<\/p>\n<p id=\"p-1777473803309-98764\"><strong>\u201cGracias a que hicimos los deberes, ya pasamos la peor parte de la tormenta. Las tasas est\u00e1n bajando y el cr\u00e9dito est\u00e1 expandi\u00e9ndose. La inflaci\u00f3n, a pesar de los efectos de este ataque, continuar\u00e1 su camino a la baja. La actividad econ\u00f3mica est\u00e1 mejorando\u201d<\/strong>, sostuvo.<\/p>\n<p id=\"p-1777473863788-41993\" class=\"paragraph\">Al abordar el eje de seguridad, Adorni asegur\u00f3 que durante la actual gesti\u00f3n se registr\u00f3 una baja en la tasa de homicidios y afirm\u00f3 que la Argentina se convirti\u00f3 en \u201cel pa\u00eds menos violento de Am\u00e9rica Latina\u201d. Tambi\u00e9n resalt\u00f3 el impacto de operativos como el Plan Bandera en Rosario y otras iniciativas de control territorial y fronterizo.<\/p>\n<p id=\"p-1777473863788-94534\" class=\"paragraph\">En ese marco, el funcionario destac\u00f3 el trabajo de las fuerzas de seguridad y remarc\u00f3 el aumento en los decomisos de droga, con cifras r\u00e9cord en incautaciones. Seg\u00fan sostuvo, estos resultados forman parte de una pol\u00edtica sostenida para combatir el delito y recuperar el control en zonas cr\u00edticas.<\/p>\n<p id=\"p-1777475021041-4294\" class=\"paragraph\"><strong>Adorni tambi\u00e9n resalt\u00f3 el trabajo del Ministerio de Desregulaci\u00f3n y Transformaci\u00f3n del Estado, encabezado por Federico Sturzenegger<\/strong>, y destac\u00f3 la eliminaci\u00f3n y modificaci\u00f3n de miles de regulaciones. Seg\u00fan afirm\u00f3, se trata de un proceso in\u00e9dito orientado a reducir el tama\u00f1o del Estado y facilitar la actividad econ\u00f3mica.<\/p>\n<p id=\"p-1777475021041-48955\" class=\"paragraph\">El jefe de Gabinete sostuvo que las medidas ya muestran resultados en distintos sectores, como el aumento de la productividad en empresas, la expansi\u00f3n del acceso a internet satelital y el crecimiento del transporte aerocomercial. En ese marco, defendi\u00f3 la pol\u00edtica de apertura y desregulaci\u00f3n como uno de los ejes centrales del Gobierno.<\/p>\n<p id=\"p-1777480434124-20992\" class=\"paragraph\"><strong>Adorni explic\u00f3 la presencia de su esposa, Bettina Angeletti, en la delegaci\u00f3n que viaj\u00f3 junto al presidente Javier Milei en el ARG 01 rumbo a Nueva York\u00a0<\/strong>durante el informe de gesti\u00f3n que brinda en el Congreso Nacional, y r<strong>echaz\u00f3 la existencia de \u201cdelito\u201d para justificar su patrimonio<\/strong>.<\/p>\n<p id=\"p-1777480444878-44681\">\u201cFue aclarado en la justicia que mi esposa viaj\u00f3 como invitada exclusivamente el vuelo de salida del pa\u00eds y que regres\u00f3 en un vuelo comercial el 15 de marzo de 2026\u201d, expres\u00f3, y complet\u00f3<strong>: \u201cSe concluy\u00f3 que la documentaci\u00f3n vinculadas al manifiesto de vuelos y las resoluciones aprobatorias no representan ninguna irregularidad\u201d.<\/strong><\/p>\n<p id=\"p-1777480444878-84887\">Asimismo, el funcionario destac\u00f3 que la causa fue archivada por la justicia y subray\u00f3 que \u201cla misi\u00f3n fue debidamente autorizada y no hubo delito\u201d.\u00a0<strong>\u201cSe comprob\u00f3 judicialmente que no hubo ning\u00fan gasto<\/strong>\u00a0de vi\u00e1ticos, alojamiento, comida, o de cualquier tipo de parte del Estado y que no existi\u00f3 incumplimiento en su invitaci\u00f3n\u201d, asever\u00f3.<\/p>\n<p id=\"p-1777480454084-10241\">\u201cEsto prueba que, cuando se le permite a la Justicia actuar,\u00a0<strong>se caen las operaciones pol\u00edticas que se intentan instalar en esta C\u00e1mara<\/strong>\u201d, a\u00f1adi\u00f3 desde Diputados, y complet\u00f3: \u201cPed\u00ed disculpas a los argentinos, entendiendo que mi conducta debe ser siempre clara y me puse a disposici\u00f3n de la Justicia frente a cada denuncia. Estas disculpas han sido utilizadas por algunos como una herramienta pol\u00edtica para obstaculizar la gesti\u00f3n del Gobierno, lo cual no me sorprende\u201d.<\/p>\n<p id=\"p-1777480454084-44238\">Por otra parte, Adorni pidi\u00f3 dividir sus gastos privados del p\u00fablico y diferenciar las actividades de su vida privada con \u201cactos de gobierno\u201d. \u201c<strong>Ni constitucional ni penal ni civilmente son comparables<\/strong>. He afrontado yo mismo los pagos de todos los viajes que realic\u00e9 con mi familia y que \u00fanicamente se circunscribieron a vacaciones personales y de mi c\u00edrculo familiar\u201d, expres\u00f3.<\/p>\n<p id=\"p-1777480463200-55164\"><strong>\u201cEl Estado Nacional no registra ning\u00fan pago de costos sobre mis viajes personales y es por eso que inform\u00e9 siempre el car\u00e1cter privado y propio de mis erogaciones.<\/strong>\u00a0Las manifestaciones que se realizaron p\u00fablicamente relativas al costeo por terceros de los viajes son tendenciosas y, adem\u00e1s, falsas. Tendenciosas y falsas\u201d, asever\u00f3 adem\u00e1s.<\/p>\n<div id=\"795970-Libre-1665872041_wrap\" class=\"embed_cont type_imagen\" contenteditable=\"false\"><\/div>\n<\/div>\n<\/article>\n","protected":false},"excerpt":{"rendered":"<p>El jefe de Gabinete,\u00a0Manuel Adorni, denunci\u00f3 este mi\u00e9rcoles que el kirchnerismo, empresarios \u201cprebendarios\u201d y algunos medios de comunicaci\u00f3n, realizaron una<\/p>\n","protected":false},"author":1,"featured_media":31153,"comment_status":"closed","ping_status":"closed","sticky":false,"template":"","format":"standard","meta":{"footnotes":"","jetpack_publicize_message":"","jetpack_publicize_feature_enabled":true,"jetpack_social_post_already_shared":true,"jetpack_social_options":{"image_generator_settings":{"template":"highway","enabled":false},"version":2}},"categories":[12],"tags":[],"class_list":["post-31152","post","type-post","status-publish","format-standard","has-post-thumbnail","hentry","category-politica"],"jetpack_publicize_connections":[],"_links":{"self":[{"href":"https:\/\/diariorepublica.com.ar\/web\/index.php\/wp-json\/wp\/v2\/posts\/31152"}],"collection":[{"href":"https:\/\/diariorepublica.com.ar\/web\/index.php\/wp-json\/wp\/v2\/posts"}],"about":[{"href":"https:\/\/diariorepublica.com.ar\/web\/index.php\/wp-json\/wp\/v2\/types\/post"}],"author":[{"embeddable":true,"href":"https:\/\/diariorepublica.com.ar\/web\/index.php\/wp-json\/wp\/v2\/users\/1"}],"replies":[{"embeddable":true,"href":"https:\/\/diariorepublica.com.ar\/web\/index.php\/wp-json\/wp\/v2\/comments?post=31152"}],"version-history":[{"count":1,"href":"https:\/\/diariorepublica.com.ar\/web\/index.php\/wp-json\/wp\/v2\/posts\/31152\/revisions"}],"predecessor-version":[{"id":31154,"href":"https:\/\/diariorepublica.com.ar\/web\/index.php\/wp-json\/wp\/v2\/posts\/31152\/revisions\/31154"}],"wp:featuredmedia":[{"embeddable":true,"href":"https:\/\/diariorepublica.com.ar\/web\/index.php\/wp-json\/wp\/v2\/media\/31153"}],"wp:attachment":[{"href":"https:\/\/diariorepublica.com.ar\/web\/index.php\/wp-json\/wp\/v2\/media?parent=31152"}],"wp:term":[{"taxonomy":"category","embeddable":true,"href":"https:\/\/diariorepublica.com.ar\/web\/index.php\/wp-json\/wp\/v2\/categories?post=31152"},{"taxonomy":"post_tag","embeddable":true,"href":"https:\/\/diariorepublica.com.ar\/web\/index.php\/wp-json\/wp\/v2\/tags?post=31152"}],"curies":[{"name":"wp","href":"https:\/\/api.w.org\/{rel}","templated":true}]}}