{"id":3178,"date":"2023-05-24T07:35:02","date_gmt":"2023-05-24T10:35:02","guid":{"rendered":"https:\/\/diariorepublica.com.ar\/web\/?p=3178"},"modified":"2023-05-24T07:35:03","modified_gmt":"2023-05-24T10:35:03","slug":"la-cta-se-sumo-a-barrionuevo-en-apoyo-a-wado","status":"publish","type":"post","link":"https:\/\/diariorepublica.com.ar\/web\/index.php\/politica\/2023\/05\/24\/la-cta-se-sumo-a-barrionuevo-en-apoyo-a-wado\/","title":{"rendered":"La CTA se sum\u00f3 a Barrionuevo en apoyo a Wado"},"content":{"rendered":"<article class=\"article-body article-body--first-paragraph content-protected-false\" data-td-script-src=\"https:\/\/www.ambito.com\/td\/modulos\/encuestas\/js\/function-embeds-min-version-1660312092.js\">La previa del acto de hoy <strong>\u00a0<\/strong>\u00a0aceler\u00f3 los movimientos en el sindicalismo peronista: mientras la\u00a0<strong>CTA<\/strong>\u00a0hizo saber ayer que apoyar\u00e1 una eventual candidatura presidencial del ministro del Interior,\u00a0<strong>Eduardo \u00abWado\u00bb De Pedro<\/strong>, en los gremios de la\u00a0<strong>CGT<\/strong>\u00a0afines a la vicepresidenta concita m\u00e1s respaldos una postulaci\u00f3n para ese mismo cargo del gobernador bonaerense,\u00a0<strong>Axel Kicillof<\/strong>, por m\u00e1s que el propio mandatario y su entorno hayan dado todas las se\u00f1ales a favor de buscar la reelecci\u00f3n en la provincia.<\/p>\n<\/article>\n<article class=\"article-body article-body--second-paragraph content-protected-false\">Los dirigentes que responden a la expresidenta todav\u00eda no se recuperan de sus sucesivos anuncios de que no estar\u00e1 a la cabeza de la boleta del Frente de Todos y carecen de la informaci\u00f3n suficiente como para inclinarse de manera rotunda por uno u otro candidato. Prueba de eso, la dirigencia del Frente Sindical por el Modelo Nacional, que se referencia en Pablo Moyano, y la Corriente Federal (CFT), del bancario Sergio Palazzo y el gr\u00e1fico H\u00e9ctor Amichetti, evitaron un pronunciamiento concreto como el de Yasky ayer.<\/p>\n<article class=\"article-body article-body--third-paragraph content-protected-false\"><strong>\u00abWado es el compa\u00f1ero. Tal cual nos lo relat\u00f3, Cristina le dijo: \u2018Empez\u00e1 a caminar, empez\u00e1 a construir porque ese es el tiempo que viene\u2019. Creo que eso est\u00e1 fuera de discusi\u00f3n\u00bb, relat\u00f3 ayer el docente a radio El Destape.<\/strong>\u00a0Yasky se refiri\u00f3 al encuentro que mantuvo ayer la CTA-T e intendentes bonaerenses con el ministro del Interior, que de este modo sum\u00f3 un nuevo respaldo en el sindicalismo al que ya le hab\u00eda brindado en p\u00fablico y en varias ocasiones el gastron\u00f3mico Luis Barrionuevo.<\/p>\n<\/article>\n<article class=\"article-body article-body--fourth-paragraph content-protected-false\">La CTA y\u00a0<strong>Barrionuevo<\/strong>\u00a0est\u00e1n en las ant\u00edpodas ideol\u00f3gicas y de hecho el gastron\u00f3mico era un personaje vetado por el kirchnerismo al menos hasta el a\u00f1o pasado, cuando el ministro comenz\u00f3 a participar en varios de los actos de la\u00a0<strong>Uthgra.<\/strong>\u00a0El derrotero de Barrionuevo en los \u00faltimos a\u00f1os incluy\u00f3 un padrinazgo de largo aliento para Sergio Massa, una relaci\u00f3n \u00f3ptima con Mauricio Macri y con la \u00abmesa judicial\u00bb que actu\u00f3 durante su gesti\u00f3n presidencial, y la promoci\u00f3n al economista Roberto Lavagna para la campa\u00f1a de 2019.<\/p>\n<\/article>\n<article class=\"article-body article-body--remaining-paragraph content-protected-false\">El apoyo expl\u00edcito a\u00a0<strong>De Pedro,<\/strong>\u00a0aunque urticante para la militancia kirchnerista, le garantiza al ministro del Interior recursos y territorialidad propia de un sindicato con presencia en todas las provincias y fuerte inserci\u00f3n en la pol\u00edtica de varios distritos.<\/p>\n<p><strong>Kicillof,<\/strong>\u00a0en cambio, sin estar por voluntad propia en la grilla de presidenciales, se mantiene como el candidato m\u00e1s valorado por los dirigentes sindicales que responden a la vicepresidenta. D\u00edas atr\u00e1s congreg\u00f3 en un acto en el camping del sindicato de televisi\u00f3n (SAT) al metal\u00fargico Abel Furl\u00e1n (UOM), uno de los m\u00e1s convencidos en su postulaci\u00f3n nacional, Palazzo, Amichetti, Mario Manrique, n\u00famero dos de los mec\u00e1nicos de Smata y tercero en la l\u00ednea de la CGT y el canillita Omar Pla\u00edni.<\/p>\n<p>Manrique y Pla\u00edni integran el Frente Sindical de Moyano. Aunque el camionero no se pronunci\u00f3 todav\u00eda a favor de un candidato del Frente de Todos, en ese grupo los m\u00e1s afines a Cristina apuestan m\u00e1s por Kicillof que por Wado. El resto sigue con atenci\u00f3n a Sergio Massa, pese a que los datos de inflaci\u00f3n de los \u00faltimos meses desinflaron sus chances electorales.<\/p>\n<\/article>\n<\/article>\n","protected":false},"excerpt":{"rendered":"<p>La previa del acto de hoy \u00a0\u00a0aceler\u00f3 los movimientos en el sindicalismo peronista: mientras la\u00a0CTA\u00a0hizo saber ayer que apoyar\u00e1 una<\/p>\n","protected":false},"author":1,"featured_media":3179,"comment_status":"closed","ping_status":"closed","sticky":false,"template":"","format":"standard","meta":{"footnotes":"","jetpack_publicize_message":"","jetpack_publicize_feature_enabled":true,"jetpack_social_post_already_shared":false,"jetpack_social_options":{"image_generator_settings":{"template":"highway","enabled":false},"version":2}},"categories":[12],"tags":[],"class_list":["post-3178","post","type-post","status-publish","format-standard","has-post-thumbnail","hentry","category-politica"],"jetpack_publicize_connections":[],"_links":{"self":[{"href":"https:\/\/diariorepublica.com.ar\/web\/index.php\/wp-json\/wp\/v2\/posts\/3178"}],"collection":[{"href":"https:\/\/diariorepublica.com.ar\/web\/index.php\/wp-json\/wp\/v2\/posts"}],"about":[{"href":"https:\/\/diariorepublica.com.ar\/web\/index.php\/wp-json\/wp\/v2\/types\/post"}],"author":[{"embeddable":true,"href":"https:\/\/diariorepublica.com.ar\/web\/index.php\/wp-json\/wp\/v2\/users\/1"}],"replies":[{"embeddable":true,"href":"https:\/\/diariorepublica.com.ar\/web\/index.php\/wp-json\/wp\/v2\/comments?post=3178"}],"version-history":[{"count":1,"href":"https:\/\/diariorepublica.com.ar\/web\/index.php\/wp-json\/wp\/v2\/posts\/3178\/revisions"}],"predecessor-version":[{"id":3180,"href":"https:\/\/diariorepublica.com.ar\/web\/index.php\/wp-json\/wp\/v2\/posts\/3178\/revisions\/3180"}],"wp:featuredmedia":[{"embeddable":true,"href":"https:\/\/diariorepublica.com.ar\/web\/index.php\/wp-json\/wp\/v2\/media\/3179"}],"wp:attachment":[{"href":"https:\/\/diariorepublica.com.ar\/web\/index.php\/wp-json\/wp\/v2\/media?parent=3178"}],"wp:term":[{"taxonomy":"category","embeddable":true,"href":"https:\/\/diariorepublica.com.ar\/web\/index.php\/wp-json\/wp\/v2\/categories?post=3178"},{"taxonomy":"post_tag","embeddable":true,"href":"https:\/\/diariorepublica.com.ar\/web\/index.php\/wp-json\/wp\/v2\/tags?post=3178"}],"curies":[{"name":"wp","href":"https:\/\/api.w.org\/{rel}","templated":true}]}}