{"id":3181,"date":"2023-05-24T08:37:00","date_gmt":"2023-05-24T11:37:00","guid":{"rendered":"https:\/\/diariorepublica.com.ar\/web\/?p=3181"},"modified":"2023-05-24T07:37:45","modified_gmt":"2023-05-24T10:37:45","slug":"catamarca-lanzo-nuevo-spot-turistico-con-la-participacion-de-famosos","status":"publish","type":"post","link":"https:\/\/diariorepublica.com.ar\/web\/index.php\/sociedad\/2023\/05\/24\/catamarca-lanzo-nuevo-spot-turistico-con-la-participacion-de-famosos\/","title":{"rendered":"Catamarca lanz\u00f3 nuevo spot tur\u00edstico con la participaci\u00f3n de famosos"},"content":{"rendered":"<p>\u201cCatamarca, el lugar de los grandes encuentros\u201d es el nuevo spot de promoci\u00f3n tur\u00edstica de Catamarca que ya se puede ver en la pantalla de medios nacionales, en carteles de la v\u00eda p\u00fablica en las principales ciudades del pa\u00eds y en redes sociales, en el que participan el actor Facundo Arana, imagen de la campa\u00f1a, acompa\u00f1ado por la modelo y conductora Zaira Nara; la actriz Catherine Fulop y el actor Esteban Lamothe.<\/p>\n<p>Una vez m\u00e1s, el Gobierno de Catamarca, a trav\u00e9s del Ministerio de Cultura, Turismo y Deporte, apost\u00f3 a la imagen de campa\u00f1a del actor Facundo Arana, a partir del impacto positivo que gener\u00f3 para el movimiento tur\u00edstico en Catamarca, adem\u00e1s de posicionar a la provincia como destino para visitar durante todo el a\u00f1o.<\/p>\n<p>\u201cLa demanda tur\u00edstica comenz\u00f3 a ser sostenida por la importante inversi\u00f3n para la promoci\u00f3n de los principales puntos tur\u00edsticos de la provincia; y con este spot completamos la etapa de difusi\u00f3n de todas las regiones de Catamarca\u201d, indic\u00f3 el ministro de Cultura, Turismo y Deporte, Roberto Brunello, adem\u00e1s destac\u00f3 que las distintas propuestas que los municipios generan para atraer a los visitantes fueron claves para consolidar el desarrollo del turismo.<\/p>\n<p>En el nuevo spot, que es el cuarto de la campa\u00f1a, los actores muestran experiencias con la naturaleza que vivieron haciendo tirolesa en Los Altos; kayak en el dique El Jumeal, en Capital; cabalgata en Coneta y San Pablo en Huillapima; recorriendo el camino con los fascinantes paisajes de Aconquija, Villa Vil y la nueva ruta que conecta Concepci\u00f3n con Pom\u00e1n, y disfrutando de la noche catamarque\u00f1a en un encuentro con m\u00fasica y gastronom\u00eda local.<\/p>\n<p>La campa\u00f1a de promoci\u00f3n tur\u00edstica mostr\u00f3 en la primera etapa las experiencias de Arana haciendo sandboard en las dunas de Fiambal\u00e1 y monta\u00f1ismo en los paisajes de Antofagasta de la Sierra, adem\u00e1s de mostrar Las Juntas y Capital; en la segunda con su familia visitando atractivos tur\u00edsticos en Pacl\u00edn, Fray Mamerto Esqui\u00fa, Andalgal\u00e1 y Santa Mar\u00eda, y en la tercera al actor junto a un grupo de amigos promocionando el verano 2023 en la puna de Antofagasta de la Sierra, la cultura viva en las manos de las tejedoras de Bel\u00e9n, y los sabores de los vinos de bodegas de Tinogasta.\u00a0\u00a0<\/p>\n<p>A partir de la campa\u00f1a publicitaria integral, que incluye anuncios de televisi\u00f3n, radio, v\u00eda p\u00fablica y en internet, la ocupaci\u00f3n hotelera creci\u00f3 un 26% en toda la provincia: en 2021 fue de un 40% (con un impacto econ\u00f3mico de $5.600 millones de pesos), y en 2022 de un 66% (con un impacto econ\u00f3mico de $15.000 millones de pesos).<\/p>\n<p>Adem\u00e1s, el objetivo de romper la estacionalidad para que Catamarca sea elegida por los turistas durante todo el a\u00f1o va alcanz\u00e1ndose de a poco. M\u00e1s all\u00e1 de la temporada estival e invernal que ya tiene asegurado un movimiento importante, Catamarca ya muestra un turismo sostenido a lo largo del a\u00f1o.<\/p>\n\n\n<iframe loading=\"lazy\" width=\"853\" height=\"480\" src=\"https:\/\/www.youtube.com\/embed\/ll5VtzOFPmQ\" title=\"Catamarca, el lugar de los grandes encuentros\" frameborder=\"0\" allow=\"accelerometer; autoplay; clipboard-write; encrypted-media; gyroscope; picture-in-picture; web-share\" allowfullscreen><\/iframe>\n","protected":false},"excerpt":{"rendered":"<p>\u201cCatamarca, el lugar de los grandes encuentros\u201d es el nuevo spot de promoci\u00f3n tur\u00edstica de Catamarca que ya se puede<\/p>\n","protected":false},"author":1,"featured_media":3183,"comment_status":"closed","ping_status":"closed","sticky":false,"template":"","format":"standard","meta":{"footnotes":"","jetpack_publicize_message":"","jetpack_publicize_feature_enabled":true,"jetpack_social_post_already_shared":false,"jetpack_social_options":{"image_generator_settings":{"template":"highway","enabled":false},"version":2}},"categories":[3],"tags":[],"class_list":["post-3181","post","type-post","status-publish","format-standard","has-post-thumbnail","hentry","category-sociedad"],"jetpack_publicize_connections":[],"_links":{"self":[{"href":"https:\/\/diariorepublica.com.ar\/web\/index.php\/wp-json\/wp\/v2\/posts\/3181"}],"collection":[{"href":"https:\/\/diariorepublica.com.ar\/web\/index.php\/wp-json\/wp\/v2\/posts"}],"about":[{"href":"https:\/\/diariorepublica.com.ar\/web\/index.php\/wp-json\/wp\/v2\/types\/post"}],"author":[{"embeddable":true,"href":"https:\/\/diariorepublica.com.ar\/web\/index.php\/wp-json\/wp\/v2\/users\/1"}],"replies":[{"embeddable":true,"href":"https:\/\/diariorepublica.com.ar\/web\/index.php\/wp-json\/wp\/v2\/comments?post=3181"}],"version-history":[{"count":1,"href":"https:\/\/diariorepublica.com.ar\/web\/index.php\/wp-json\/wp\/v2\/posts\/3181\/revisions"}],"predecessor-version":[{"id":3182,"href":"https:\/\/diariorepublica.com.ar\/web\/index.php\/wp-json\/wp\/v2\/posts\/3181\/revisions\/3182"}],"wp:featuredmedia":[{"embeddable":true,"href":"https:\/\/diariorepublica.com.ar\/web\/index.php\/wp-json\/wp\/v2\/media\/3183"}],"wp:attachment":[{"href":"https:\/\/diariorepublica.com.ar\/web\/index.php\/wp-json\/wp\/v2\/media?parent=3181"}],"wp:term":[{"taxonomy":"category","embeddable":true,"href":"https:\/\/diariorepublica.com.ar\/web\/index.php\/wp-json\/wp\/v2\/categories?post=3181"},{"taxonomy":"post_tag","embeddable":true,"href":"https:\/\/diariorepublica.com.ar\/web\/index.php\/wp-json\/wp\/v2\/tags?post=3181"}],"curies":[{"name":"wp","href":"https:\/\/api.w.org\/{rel}","templated":true}]}}