{"id":3196,"date":"2023-05-24T14:30:00","date_gmt":"2023-05-24T17:30:00","guid":{"rendered":"https:\/\/diariorepublica.com.ar\/web\/?p=3196"},"modified":"2023-05-24T11:31:18","modified_gmt":"2023-05-24T14:31:18","slug":"el-proximo-martes-habra-paro-de-colectivos-en-todo-el-pais","status":"publish","type":"post","link":"https:\/\/diariorepublica.com.ar\/web\/index.php\/nacionales\/2023\/05\/24\/el-proximo-martes-habra-paro-de-colectivos-en-todo-el-pais\/","title":{"rendered":"El pr\u00f3ximo martes habr\u00e1 paro de colectivos en todo el pa\u00eds"},"content":{"rendered":"<p>La\u00a0Uni\u00f3n Tranviarios Automotor (UTA) anunci\u00f3 un\u00a0<strong>nuevo paro de colectivos a nivel nacional para el pr\u00f3ximo martes 30 de mayo<\/strong>\u00a0luego de no haber llegado a un acuerdo durante la reuni\u00f3n con el Ministerio de Transporte.<\/p>\n<p>En el marco de la\u00a0<strong>conciliaci\u00f3n obligatoria<\/strong>\u00a0impuesta para destrabar la paralizaci\u00f3n de servicio del viernes de la semana pasada, este lunes los delegados de la UTA y del ministerio se reunieron.<\/p>\n<p>De esta manera, se inform\u00f3 que si el pr\u00f3ximo lunes 29 de mayo no hay acuerdo entre ambas partes, al d\u00eda siguiente habr\u00e1\u00a0<strong>paro por 24 horas de colectivos que circulan en el \u00c1rea Metropolitana de Buenos Aires y en el interior del pa\u00eds.<\/strong><\/p>\n<p>\u201cFinalizada la audiencia convocada por el Ministerio de Trabajo de la Naci\u00f3n, y no habi\u00e9ndose acordado el\u00a0<strong>aumento salarial<\/strong>, esta entidad sindical ratifica que de no obtenerse el incremento pedido para la pr\u00f3xima audiencia, y con la finalizaci\u00f3n de la Conciliaci\u00f3n Obligatoria, se iniciar\u00e1n inmediatamente medidas de fuerza gremial,\u00a0<strong>a partir de las 00 horas del d\u00eda martes 30 de mayo<\/strong>, en todo el territorio del pa\u00eds\u201d, comunicaron desde la UTA.<\/p>\n<p>Desde hace semanas los colectivos vienen llevando a cabo, al igual que el Subte, paros generales que afectan a miles de usuarios que deben utilizar el transporte p\u00fablico.<\/p>\n<p>En esta oportunidad los trabajadores reclaman un\u00a0<strong>aumento salarial<\/strong>\u00a0que est\u00e9 alineado a la inflaci\u00f3n y adem\u00e1s\u00a0<strong>mejoras en las unidades<\/strong>\u00a0ante un avanzado deterioro de las mismas.<\/p>\n<p>\u00abExigimos un\u00a0<strong>incremento retroactivo\u00a0<\/strong>para que el b\u00e1sico desde abril sea de<strong>\u00a0262 mil pesos,<\/strong>\u00a0adem\u00e1s de un\u00a0<strong>bono por \u00fanica vez<\/strong>\u00a0y no remunerativo de otros\u00a0<strong>32 mil pesos<\/strong>\u00a0y\u00a0<strong>vi\u00e1ticos diarios\u00a0<\/strong>para todos los trabajadores del sector\u00bb, se\u00f1alaron.<\/p>\n<p>La nueva reuni\u00f3n del pr\u00f3ximo lunes entre la UTA y el ministerio permitir\u00eda<strong>\u00a0extender la conciliaci\u00f3n obligatoria por cinco d\u00edas h\u00e1biles m\u00e1s<\/strong>. (NA)<\/p>\n","protected":false},"excerpt":{"rendered":"<p>La\u00a0Uni\u00f3n Tranviarios Automotor (UTA) anunci\u00f3 un\u00a0nuevo paro de colectivos a nivel nacional para el pr\u00f3ximo martes 30 de mayo\u00a0luego de<\/p>\n","protected":false},"author":1,"featured_media":3197,"comment_status":"closed","ping_status":"closed","sticky":false,"template":"","format":"standard","meta":{"footnotes":"","jetpack_publicize_message":"","jetpack_publicize_feature_enabled":true,"jetpack_social_post_already_shared":false,"jetpack_social_options":{"image_generator_settings":{"template":"highway","enabled":false},"version":2}},"categories":[4],"tags":[],"class_list":["post-3196","post","type-post","status-publish","format-standard","has-post-thumbnail","hentry","category-nacionales"],"jetpack_publicize_connections":[],"_links":{"self":[{"href":"https:\/\/diariorepublica.com.ar\/web\/index.php\/wp-json\/wp\/v2\/posts\/3196"}],"collection":[{"href":"https:\/\/diariorepublica.com.ar\/web\/index.php\/wp-json\/wp\/v2\/posts"}],"about":[{"href":"https:\/\/diariorepublica.com.ar\/web\/index.php\/wp-json\/wp\/v2\/types\/post"}],"author":[{"embeddable":true,"href":"https:\/\/diariorepublica.com.ar\/web\/index.php\/wp-json\/wp\/v2\/users\/1"}],"replies":[{"embeddable":true,"href":"https:\/\/diariorepublica.com.ar\/web\/index.php\/wp-json\/wp\/v2\/comments?post=3196"}],"version-history":[{"count":1,"href":"https:\/\/diariorepublica.com.ar\/web\/index.php\/wp-json\/wp\/v2\/posts\/3196\/revisions"}],"predecessor-version":[{"id":3198,"href":"https:\/\/diariorepublica.com.ar\/web\/index.php\/wp-json\/wp\/v2\/posts\/3196\/revisions\/3198"}],"wp:featuredmedia":[{"embeddable":true,"href":"https:\/\/diariorepublica.com.ar\/web\/index.php\/wp-json\/wp\/v2\/media\/3197"}],"wp:attachment":[{"href":"https:\/\/diariorepublica.com.ar\/web\/index.php\/wp-json\/wp\/v2\/media?parent=3196"}],"wp:term":[{"taxonomy":"category","embeddable":true,"href":"https:\/\/diariorepublica.com.ar\/web\/index.php\/wp-json\/wp\/v2\/categories?post=3196"},{"taxonomy":"post_tag","embeddable":true,"href":"https:\/\/diariorepublica.com.ar\/web\/index.php\/wp-json\/wp\/v2\/tags?post=3196"}],"curies":[{"name":"wp","href":"https:\/\/api.w.org\/{rel}","templated":true}]}}