{"id":3214,"date":"2023-05-24T16:25:00","date_gmt":"2023-05-24T19:25:00","guid":{"rendered":"https:\/\/diariorepublica.com.ar\/web\/?p=3214"},"modified":"2023-05-24T19:26:27","modified_gmt":"2023-05-24T22:26:27","slug":"murio-tina-turner","status":"publish","type":"post","link":"https:\/\/diariorepublica.com.ar\/web\/index.php\/espectaculos\/2023\/05\/24\/murio-tina-turner\/","title":{"rendered":"Muri\u00f3 Tina Turner"},"content":{"rendered":"<article class=\"article-body article-body--first-paragraph content-protected-false\" data-td-script-src=\"https:\/\/www.ambito.com\/td\/modulos\/encuestas\/js\/function-embeds-min-version-1660312129.js\"><strong>Muri\u00f3 Tina Turner<\/strong>, la ic\u00f3nica cantante de rock estadounidense,\u00a0<strong>este mi\u00e9rcoles a sus 83 a\u00f1os<\/strong>\u00a0seg\u00fan confirm\u00f3 el diario The Mirror. La\u00a0<strong>artista se encontraba en Zurich<\/strong>\u00a0y hac\u00eda a\u00f1os combat\u00eda una dura enfermedad.<\/p>\n<\/article>\n<article class=\"article-body article-body--second-paragraph content-protected-false\">\u201cUn comunicado que anuncia su muerte dice: \u2018<strong>Con ella, el mundo pierde una leyenda de la m\u00fasica\u00a0<\/strong>y un modelo a seguir\u2019\u201d, anunciaron desde el peri\u00f3dico de Gran Breta\u00f1a.<\/p>\n<article class=\"article-body article-body--third-paragraph content-protected-false\">Desde su cuenta de Instagram confirmaron la noticia y expresaron: \u00abCon gran tristeza<strong>\u00a0anunciamos la muerte de Tina Turner<\/strong>. Con su m\u00fasica y su pasi\u00f3n sin l\u00edmites por la vida\u00a0<strong>encant\u00f3 a millones de fan\u00e1ticos alrededor del mundo e inspir\u00f3 a las estrellas del futuro<\/strong>\u00ab.<\/p>\n<\/article>\n<article class=\"article-body article-body--fourth-paragraph content-protected-false\">\u00abHoy decimos adi\u00f3s a una estimada amiga que\u00a0<strong>nos deja todo su enorme trabajo: su m\u00fasica<\/strong>. Enviamos nuestro sentido p\u00e9same a su familia.\u00a0<strong>Tina, te vamos a extra\u00f1ar profundamente<\/strong>\u00ab, concluyeron el mensaje.<\/p>\n<\/article>\n<article class=\"article-body article-body--remaining-paragraph content-protected-false\"><strong>Anna Mae Bullock<\/strong>, popularmente conocida como Tina Turner, fue una de las\u00a0<strong>principales estrellas del mundo de la m\u00fasica estadounidense<\/strong>. Adem\u00e1s de cantar, tambi\u00e9n fue compositora, actriz, bailarina y core\u00f3grafa. Despu\u00e9s de una\u00a0<strong>carrera de 54 a\u00f1os<\/strong>, la artista se hab\u00eda retirado de los escenarios en\u00a0<strong>2013 a sus 73 a\u00f1os<\/strong>, cuando adquiri\u00f3 la nacionalidad suiza y se mud\u00f3 a\u00a0<strong>Zurich<\/strong>.<\/p>\n<p>Ser\u00e1 recordada por interpretar canciones como\u00a0<strong>Proud Mary<\/strong>,<strong>\u00a0We Don&#8217;t Need Another Hero<\/strong>,\u00a0<strong>Whats Love Got to do With It<\/strong>,\u00a0<strong>The Best<\/strong>,\u00a0<strong>Don&#8217;t Wanna Lose You\u00a0<\/strong>y\u00a0<strong>Steamy Windows<\/strong>.<\/p>\n<\/article>\n<\/article>\n","protected":false},"excerpt":{"rendered":"<p>Muri\u00f3 Tina Turner, la ic\u00f3nica cantante de rock estadounidense,\u00a0este mi\u00e9rcoles a sus 83 a\u00f1os\u00a0seg\u00fan confirm\u00f3 el diario The Mirror. La\u00a0artista<\/p>\n","protected":false},"author":1,"featured_media":3215,"comment_status":"closed","ping_status":"closed","sticky":false,"template":"","format":"standard","meta":{"footnotes":"","jetpack_publicize_message":"","jetpack_publicize_feature_enabled":true,"jetpack_social_post_already_shared":false,"jetpack_social_options":{"image_generator_settings":{"template":"highway","enabled":false},"version":2}},"categories":[7],"tags":[],"class_list":["post-3214","post","type-post","status-publish","format-standard","has-post-thumbnail","hentry","category-espectaculos"],"jetpack_publicize_connections":[],"_links":{"self":[{"href":"https:\/\/diariorepublica.com.ar\/web\/index.php\/wp-json\/wp\/v2\/posts\/3214"}],"collection":[{"href":"https:\/\/diariorepublica.com.ar\/web\/index.php\/wp-json\/wp\/v2\/posts"}],"about":[{"href":"https:\/\/diariorepublica.com.ar\/web\/index.php\/wp-json\/wp\/v2\/types\/post"}],"author":[{"embeddable":true,"href":"https:\/\/diariorepublica.com.ar\/web\/index.php\/wp-json\/wp\/v2\/users\/1"}],"replies":[{"embeddable":true,"href":"https:\/\/diariorepublica.com.ar\/web\/index.php\/wp-json\/wp\/v2\/comments?post=3214"}],"version-history":[{"count":1,"href":"https:\/\/diariorepublica.com.ar\/web\/index.php\/wp-json\/wp\/v2\/posts\/3214\/revisions"}],"predecessor-version":[{"id":3216,"href":"https:\/\/diariorepublica.com.ar\/web\/index.php\/wp-json\/wp\/v2\/posts\/3214\/revisions\/3216"}],"wp:featuredmedia":[{"embeddable":true,"href":"https:\/\/diariorepublica.com.ar\/web\/index.php\/wp-json\/wp\/v2\/media\/3215"}],"wp:attachment":[{"href":"https:\/\/diariorepublica.com.ar\/web\/index.php\/wp-json\/wp\/v2\/media?parent=3214"}],"wp:term":[{"taxonomy":"category","embeddable":true,"href":"https:\/\/diariorepublica.com.ar\/web\/index.php\/wp-json\/wp\/v2\/categories?post=3214"},{"taxonomy":"post_tag","embeddable":true,"href":"https:\/\/diariorepublica.com.ar\/web\/index.php\/wp-json\/wp\/v2\/tags?post=3214"}],"curies":[{"name":"wp","href":"https:\/\/api.w.org\/{rel}","templated":true}]}}