{"id":3267,"date":"2023-05-27T14:35:00","date_gmt":"2023-05-27T17:35:00","guid":{"rendered":"https:\/\/diariorepublica.com.ar\/web\/?p=3267"},"modified":"2023-05-27T17:18:01","modified_gmt":"2023-05-27T20:18:01","slug":"con-polemica-sobre-el-cierre-gimnasia-y-sarmiento-empataron-0-0","status":"publish","type":"post","link":"https:\/\/diariorepublica.com.ar\/web\/index.php\/deportes\/2023\/05\/27\/con-polemica-sobre-el-cierre-gimnasia-y-sarmiento-empataron-0-0\/","title":{"rendered":"Con pol\u00e9mica sobre el cierre, Gimnasia y Sarmiento empataron 0-0"},"content":{"rendered":"<article id=\"article-post\" class=\"first\">\n<div class=\"cuerpo\" data-twitter-link=\"https:\/\/twitter.com\/intent\/tweet?url=https:\/\/www.diariopopular.com.ar\/c717565&amp;via=poopulardiario&amp;related=Popular&amp;text=\">\n<p><strong>Gimnasia y Esgrima La Plata<\/strong>\u00a0y\u00a0<strong>Sarmiento de Jun\u00edn<\/strong>\u00a0empataron este s\u00e1bado<strong>\u00a00-0,\u00a0<\/strong>en el estadio Juan Carmelo Zerillo, por la decimoctava fecha de la Liga Profesional.<\/p>\n<\/div>\n<\/article>\n<article id=\"article-post\">\n<div class=\"cuerpo\" data-twitter-link=\"https:\/\/twitter.com\/intent\/tweet?url=https:\/\/www.diariopopular.com.ar\/c717565&amp;via=poopulardiario&amp;related=Popular&amp;text=\">\n<p>El encuentro fue parejo, pero a cuatro minutos para el final se dio la gran pol\u00e9mica con un tanto anulado por el VAR al conjunto local.<\/p>\n<p>Felipe S\u00e1nchez defini\u00f3 en el centro del \u00e1rea para el 1-0 del Lobo, pero el VAR llam\u00f3 al \u00e1rbitro Ariel Penel y le marc\u00f3 una supuesta posici\u00f3n adelantada en el comienzo de la jugada, en la salida de un c\u00f3rner para Gimnasia.<\/p>\n<p>La controversia y la pol\u00e9mica se genera a partir de que, teniendo en cuenta la regla 11, en un tiro de esquina un jugador que recibe la pelota no estar\u00e1 en posici\u00f3n adelantada aunque se encuentre m\u00e1s cerca de la l\u00ednea meta que la pelota y el pen\u00faltimo defensor.<\/p>\n<p>As\u00ed las cosas, y con el juez de l\u00ednea y el \u00e1rbitro Penel que ya hab\u00edan corrido hasta la mitad de la cancha para cobrar el gol, dieron marcha atr\u00e1s e invalidaron la conquista y dieron tiro libre para Sarmiento.<\/p>\n<p>El resultado dej\u00f3 a Sarmiento con 24 puntos en la tabla y a Gimnasia con 22, ambos en la zona media.<\/p>\n<div id=\"embed1_wrap\" class=\"embed_cont type_freetext\" contenteditable=\"false\">\n<div id=\"embed1_content\" class=\"embed_content\">\n<div id=\"embed1_embed\">\n<div class=\"video_container\"><iframe loading=\"lazy\" class=\"video_iframe\" src=\"https:\/\/www.youtube.com\/embed\/stbuIH1KWeE\" width=\"100%\" height=\"360\" frameborder=\"0\" scrolling=\"no\" data-gtm-yt-inspected-11=\"true\" data-mce-fragment=\"1\"><\/iframe><\/div>\n<\/div>\n<\/div>\n<div id=\"embed1_epigrafe\" class=\"embed_epigrafe\"><\/div>\n<div id=\"embed1_copyright\" class=\"embed_copyright\"><\/div>\n<\/div>\n<p><strong>S\u00edntesis del partido:<\/strong><\/p>\n<p><strong>Gimnasia (LP):<\/strong>\u00a0Tom\u00e1s Durso; Baurista Barros Schelotto, Leonardo Morales, Felipe S\u00e1nchez, Mat\u00edas Melluso; Agust\u00edn Bol\u00edvar; Franco Soldano, Leonardo Mamut, Alan Lescano, Eric Ram\u00edrez; Cristian Tarragona. Director t\u00e9cnico: Sebasti\u00e1n Romero.<\/p>\n<p><strong>Sarmiento<\/strong>: Sebasti\u00e1n Meza; Manuel Garc\u00eda, Juan Insaurralde, Franco Sbuttoni; Gonzalo Bettini, Emiliano M\u00e9ndez, Fernando Mart\u00ednez, Franco Quinteros; Lisandro L\u00f3pez, Luciano Gondou y Javier Toledo. Director t\u00e9cnico: Israel Damonte.<\/p>\n<p><strong>Cambios en el segundo tiempo<\/strong>: 18m M\u00f3naco (S) por L\u00f3pez; 20m Muro (G) por Mamut y Torres (G) por Soldano; 27m Mammini (G) por Tarragona y Napolitano (G) por Ram\u00edrez; 36m Melano (S) por Gondou; 47m Donatti (S) por Mart\u00ednez.<\/p>\n<p><strong>\u00c1rbitro<\/strong>: Ariel Penel.<\/p>\n<p><strong>Estadio<\/strong>: Juan Carmelo Zerillo.<\/p>\n<\/div>\n<\/article>\n","protected":false},"excerpt":{"rendered":"<p>Gimnasia y Esgrima La Plata\u00a0y\u00a0Sarmiento de Jun\u00edn\u00a0empataron este s\u00e1bado\u00a00-0,\u00a0en el estadio Juan Carmelo Zerillo, por la decimoctava fecha de la<\/p>\n","protected":false},"author":1,"featured_media":3268,"comment_status":"closed","ping_status":"closed","sticky":false,"template":"","format":"standard","meta":{"footnotes":"","jetpack_publicize_message":"","jetpack_publicize_feature_enabled":true,"jetpack_social_post_already_shared":false,"jetpack_social_options":{"image_generator_settings":{"template":"highway","enabled":false},"version":2}},"categories":[9],"tags":[],"class_list":["post-3267","post","type-post","status-publish","format-standard","has-post-thumbnail","hentry","category-deportes"],"jetpack_publicize_connections":[],"_links":{"self":[{"href":"https:\/\/diariorepublica.com.ar\/web\/index.php\/wp-json\/wp\/v2\/posts\/3267"}],"collection":[{"href":"https:\/\/diariorepublica.com.ar\/web\/index.php\/wp-json\/wp\/v2\/posts"}],"about":[{"href":"https:\/\/diariorepublica.com.ar\/web\/index.php\/wp-json\/wp\/v2\/types\/post"}],"author":[{"embeddable":true,"href":"https:\/\/diariorepublica.com.ar\/web\/index.php\/wp-json\/wp\/v2\/users\/1"}],"replies":[{"embeddable":true,"href":"https:\/\/diariorepublica.com.ar\/web\/index.php\/wp-json\/wp\/v2\/comments?post=3267"}],"version-history":[{"count":1,"href":"https:\/\/diariorepublica.com.ar\/web\/index.php\/wp-json\/wp\/v2\/posts\/3267\/revisions"}],"predecessor-version":[{"id":3269,"href":"https:\/\/diariorepublica.com.ar\/web\/index.php\/wp-json\/wp\/v2\/posts\/3267\/revisions\/3269"}],"wp:featuredmedia":[{"embeddable":true,"href":"https:\/\/diariorepublica.com.ar\/web\/index.php\/wp-json\/wp\/v2\/media\/3268"}],"wp:attachment":[{"href":"https:\/\/diariorepublica.com.ar\/web\/index.php\/wp-json\/wp\/v2\/media?parent=3267"}],"wp:term":[{"taxonomy":"category","embeddable":true,"href":"https:\/\/diariorepublica.com.ar\/web\/index.php\/wp-json\/wp\/v2\/categories?post=3267"},{"taxonomy":"post_tag","embeddable":true,"href":"https:\/\/diariorepublica.com.ar\/web\/index.php\/wp-json\/wp\/v2\/tags?post=3267"}],"curies":[{"name":"wp","href":"https:\/\/api.w.org\/{rel}","templated":true}]}}