{"id":3291,"date":"2023-05-29T07:41:25","date_gmt":"2023-05-29T10:41:25","guid":{"rendered":"https:\/\/diariorepublica.com.ar\/web\/?p=3291"},"modified":"2023-05-29T07:41:26","modified_gmt":"2023-05-29T10:41:26","slug":"durante-el-fin-de-semana-largo-se-movilizaron-13-millones-de-turistas-por-el-pais","status":"publish","type":"post","link":"https:\/\/diariorepublica.com.ar\/web\/index.php\/sociedad\/2023\/05\/29\/durante-el-fin-de-semana-largo-se-movilizaron-13-millones-de-turistas-por-el-pais\/","title":{"rendered":"Durante el fin de semana largo se movilizaron 1,3 millones de turistas por el pa\u00eds"},"content":{"rendered":"<p>De acuerdo a los primeros relevamientos del Observatorio Argentino de Turismo (OAT), m<strong>\u00e1s de 1,3 millones de turistas se movilizaron por nuestros destinos,<\/strong>\u00a0cifra r\u00e9cord para este fin de semana de mayo. El impulso de la cuarta edici\u00f3n del program<strong>a PreViaje, el impacto del Mundial Sub-20 y la llegada de visitantes del extranjer<\/strong>o (especialmente desde Chile, Uruguay y Brasil) son los principales factores que explican estos n\u00fameros.<\/p>\n<p><strong>San Juan volvi\u00f3 a ser la provincia con mejor nivel de ocupaci\u00f3n (97%), mientras que destinos como Salta, la Quebrada de Humahuaca, Mendoza, San Carlos de Bariloche, San Mart\u00edn de los Andes, Puerto Iguaz\u00fa, Merlo, Tandil y Santiago del Estero superaron el 90% de ocupaci\u00f3n.<\/strong>\u00a0Por su parte, desde Aerol\u00edneas Argentinas informaron que m\u00e1s de 230 mil pasajeros volar\u00e1n durante el fin de semana largo, con ocupaci\u00f3n por arriba del 96% en destinos tur\u00edsticos.<\/p>\n<p><strong>\u201cCon el impulso de PreViaje, el impacto del Mundial Sub-20 en nuestros destinos y la fuerte recuperaci\u00f3n del turismo receptivo,<\/strong>\u00a0vamos a tener un movimiento tur\u00edstico hist\u00f3rico durante mayo y junio. Este fin de semana largo da cuenta de eso\u201d, asegur\u00f3 el ministro de Turismo y Deportes de la Naci\u00f3n<strong>, Mat\u00edas Lammens.<\/strong>\u00a0Y agreg\u00f3: \u201cEl turismo contin\u00faa consolid\u00e1ndose como l\u00edder en la recuperaci\u00f3n del empleo, creaci\u00f3n de empresas y crecimiento de la actividad econ\u00f3mica\u201d.<\/p>\n<p>En ese sentido,\u00a0<strong>el presidente de la C\u00e1mara Argentina de Turismo (CAT), Gustavo Han<\/strong>i, declar\u00f3: \u201cSin ninguna duda, el gran impulso del PreViaje 4, sumado a la reactivaci\u00f3n del turismo receptivo y al Mundial Sub-20, nos permiten celebrar muy buenos resultados que impactan directamente en las econom\u00edas de cada destino. Somos una industria que se hace sentir a lo largo y ancho del pa\u00eds. Argentina es turismo\u00bb.<\/p>\n","protected":false},"excerpt":{"rendered":"<p>De acuerdo a los primeros relevamientos del Observatorio Argentino de Turismo (OAT), m\u00e1s de 1,3 millones de turistas se movilizaron<\/p>\n","protected":false},"author":1,"featured_media":3293,"comment_status":"closed","ping_status":"closed","sticky":false,"template":"","format":"standard","meta":{"footnotes":"","jetpack_publicize_message":"","jetpack_publicize_feature_enabled":true,"jetpack_social_post_already_shared":false,"jetpack_social_options":{"image_generator_settings":{"template":"highway","enabled":false},"version":2}},"categories":[3],"tags":[],"class_list":["post-3291","post","type-post","status-publish","format-standard","has-post-thumbnail","hentry","category-sociedad"],"jetpack_publicize_connections":[],"_links":{"self":[{"href":"https:\/\/diariorepublica.com.ar\/web\/index.php\/wp-json\/wp\/v2\/posts\/3291"}],"collection":[{"href":"https:\/\/diariorepublica.com.ar\/web\/index.php\/wp-json\/wp\/v2\/posts"}],"about":[{"href":"https:\/\/diariorepublica.com.ar\/web\/index.php\/wp-json\/wp\/v2\/types\/post"}],"author":[{"embeddable":true,"href":"https:\/\/diariorepublica.com.ar\/web\/index.php\/wp-json\/wp\/v2\/users\/1"}],"replies":[{"embeddable":true,"href":"https:\/\/diariorepublica.com.ar\/web\/index.php\/wp-json\/wp\/v2\/comments?post=3291"}],"version-history":[{"count":1,"href":"https:\/\/diariorepublica.com.ar\/web\/index.php\/wp-json\/wp\/v2\/posts\/3291\/revisions"}],"predecessor-version":[{"id":3294,"href":"https:\/\/diariorepublica.com.ar\/web\/index.php\/wp-json\/wp\/v2\/posts\/3291\/revisions\/3294"}],"wp:featuredmedia":[{"embeddable":true,"href":"https:\/\/diariorepublica.com.ar\/web\/index.php\/wp-json\/wp\/v2\/media\/3293"}],"wp:attachment":[{"href":"https:\/\/diariorepublica.com.ar\/web\/index.php\/wp-json\/wp\/v2\/media?parent=3291"}],"wp:term":[{"taxonomy":"category","embeddable":true,"href":"https:\/\/diariorepublica.com.ar\/web\/index.php\/wp-json\/wp\/v2\/categories?post=3291"},{"taxonomy":"post_tag","embeddable":true,"href":"https:\/\/diariorepublica.com.ar\/web\/index.php\/wp-json\/wp\/v2\/tags?post=3291"}],"curies":[{"name":"wp","href":"https:\/\/api.w.org\/{rel}","templated":true}]}}