{"id":3317,"date":"2023-05-29T10:23:51","date_gmt":"2023-05-29T13:23:51","guid":{"rendered":"https:\/\/diariorepublica.com.ar\/web\/?p=3317"},"modified":"2023-05-29T10:23:52","modified_gmt":"2023-05-29T13:23:52","slug":"oficializan-el-pago-de-tres-refuerzos-para-jubilaciones-y-pensiones","status":"publish","type":"post","link":"https:\/\/diariorepublica.com.ar\/web\/index.php\/locales\/2023\/05\/29\/oficializan-el-pago-de-tres-refuerzos-para-jubilaciones-y-pensiones\/","title":{"rendered":"Oficializan el pago de tres refuerzos para jubilaciones y pensiones"},"content":{"rendered":"<p>En l\u00ednea\u00a0con el anuncio realizado hace poco m\u00e1s de dos semanas por el ministro de Econom\u00eda, Sergio Massa, y la titular de la ANSeS, Fernanda Raverta, el Gobierno oficializ\u00f3 este lunes el\u00a0pago de tres refuerzos\u00a0en los meses de junio, julio y agosto para\u00a0jubilados y pensionados. La confirmaci\u00f3n se dio a trav\u00e9s de la publicaci\u00f3n del Decreto 282\/2023 en el Bolet\u00edn Oficial, con la firma de Alberto Fern\u00e1ndez, el Jefe de Gabinete, Agust\u00edn Rossi, y la ministra de Trabajo, Kelly Olmos.<\/p>\n<p>\u201cOtorgase un refuerzo de ingreso previsional por un<strong>\u00a0monto m\u00e1ximo de pesos quince mil\u00a0<\/strong>($15.000), pesos\u00a0<strong>diecisiete mil\u00a0<\/strong>($17.000) y pesos\u00a0<strong>veinte mil<\/strong>\u00a0($ 20.000) que se abonar\u00e1n en los\u00a0<strong>meses de junio, julio y agosto de 2023<\/strong>, respectivamente\u201d, dice el Art\u00edculo 1\u00b0 de ese documento<\/p>\n<p>Esos valores corresponden a aquellas personas que cobran la jubilaci\u00f3n m\u00ednima. En tanto, para los que cobran hasta dos jubilaciones m\u00ednimas, el bono ser\u00e1 de hasta $ 5.000.<\/p>\n<p>Los incrementos est\u00e1n destinados a los titulares de las prestaciones contributivas previsionales a cargo de la ANSES, y a beneficiarios de la Pensi\u00f3n Universal para el Adulto Mayor y de pensiones no contributivas por vejez, invalidez, madres de siete hijos o hijas o m\u00e1s, y dem\u00e1s pensiones no contributivas y pensiones graciables, cuyo pago se encuentran a cargo de aquella entidad.<\/p>\n<p>Los refuerzos no se integran al haber y no se calculan para el pago del medio aguinaldo previsto para el mes de junio.<\/p>\n<p><strong>Bonos: u\u00e1nto cobrar\u00e1n los jubilados a partir de junio?<\/strong><\/p>\n<p>La jubilaci\u00f3n m\u00ednima es actualmente de $ 58.665 (brutos) m\u00e1s hasta $ 15.000 de bono. En total, $ 73.665. Con el aumento del 20,92%, la\u00a0<strong>jubilaci\u00f3n m\u00ednima ser\u00e1 de $ 70.938<\/strong>. El haber m\u00e1ximo hoy de $ 394.763 sube a $ 477.347.<\/p>\n<p>En relaci\u00f3n a lo que est\u00e1n cobrando hoy los jubilados de haberes m\u00ednimos incluyendo el bono ($73.665),\u00a0<strong>en junio el ingreso total sube a $ 85.938\u00a0<\/strong>($ 70.938 m\u00e1s $ 15.000) y representa un aumento del 16,7%. En julio, con el refuerzo de $ 17.000, el ingreso total pasa a $ 87.938, el aumento es 19,4%. Y en agosto, el ingreso total sube a $ 90.938 (23,4%).<\/p>\n<p>Para los que cobran entre uno y dos haberes m\u00ednimos el aumento es menor porque se mantiene sin cambios el bono de $ 5.000 que cobraron en marzo, abril y mayo. En tanto, los que cobran m\u00e1s de dos haberes m\u00ednimos, ($ 141.874) no reciben ning\u00fan refuerzo, absorbiendo la p\u00e9rdida frente a la inflaci\u00f3n.<\/p>\n\n\n<p><\/p>\n","protected":false},"excerpt":{"rendered":"<p>En l\u00ednea\u00a0con el anuncio realizado hace poco m\u00e1s de dos semanas por el ministro de Econom\u00eda, Sergio Massa, y la<\/p>\n","protected":false},"author":2,"featured_media":3318,"comment_status":"closed","ping_status":"closed","sticky":false,"template":"","format":"standard","meta":{"footnotes":"","jetpack_publicize_message":"","jetpack_publicize_feature_enabled":true,"jetpack_social_post_already_shared":false,"jetpack_social_options":{"image_generator_settings":{"template":"highway","enabled":false},"version":2}},"categories":[2],"tags":[],"class_list":["post-3317","post","type-post","status-publish","format-standard","has-post-thumbnail","hentry","category-locales"],"jetpack_publicize_connections":[],"_links":{"self":[{"href":"https:\/\/diariorepublica.com.ar\/web\/index.php\/wp-json\/wp\/v2\/posts\/3317"}],"collection":[{"href":"https:\/\/diariorepublica.com.ar\/web\/index.php\/wp-json\/wp\/v2\/posts"}],"about":[{"href":"https:\/\/diariorepublica.com.ar\/web\/index.php\/wp-json\/wp\/v2\/types\/post"}],"author":[{"embeddable":true,"href":"https:\/\/diariorepublica.com.ar\/web\/index.php\/wp-json\/wp\/v2\/users\/2"}],"replies":[{"embeddable":true,"href":"https:\/\/diariorepublica.com.ar\/web\/index.php\/wp-json\/wp\/v2\/comments?post=3317"}],"version-history":[{"count":1,"href":"https:\/\/diariorepublica.com.ar\/web\/index.php\/wp-json\/wp\/v2\/posts\/3317\/revisions"}],"predecessor-version":[{"id":3319,"href":"https:\/\/diariorepublica.com.ar\/web\/index.php\/wp-json\/wp\/v2\/posts\/3317\/revisions\/3319"}],"wp:featuredmedia":[{"embeddable":true,"href":"https:\/\/diariorepublica.com.ar\/web\/index.php\/wp-json\/wp\/v2\/media\/3318"}],"wp:attachment":[{"href":"https:\/\/diariorepublica.com.ar\/web\/index.php\/wp-json\/wp\/v2\/media?parent=3317"}],"wp:term":[{"taxonomy":"category","embeddable":true,"href":"https:\/\/diariorepublica.com.ar\/web\/index.php\/wp-json\/wp\/v2\/categories?post=3317"},{"taxonomy":"post_tag","embeddable":true,"href":"https:\/\/diariorepublica.com.ar\/web\/index.php\/wp-json\/wp\/v2\/tags?post=3317"}],"curies":[{"name":"wp","href":"https:\/\/api.w.org\/{rel}","templated":true}]}}