{"id":3324,"date":"2023-05-29T11:38:36","date_gmt":"2023-05-29T14:38:36","guid":{"rendered":"https:\/\/diariorepublica.com.ar\/web\/?p=3324"},"modified":"2023-05-29T11:38:37","modified_gmt":"2023-05-29T14:38:37","slug":"catamarca-tuvo-un-fin-de-semana-patrio-con-84-de-ocupacion-hotelera","status":"publish","type":"post","link":"https:\/\/diariorepublica.com.ar\/web\/index.php\/locales\/2023\/05\/29\/catamarca-tuvo-un-fin-de-semana-patrio-con-84-de-ocupacion-hotelera\/","title":{"rendered":"Catamarca tuvo un fin de semana patrio con 84% de ocupaci\u00f3n hotelera"},"content":{"rendered":"<p>Catamarca fue elegida por casi 30 mil turistas durante el fin de semana largo y patrio de mayo. Seg\u00fan datos del Ministerio de Cultura, Turismo y Deporte relevados desde la Direcci\u00f3n de Calidad Tur\u00edstica de la Secretar\u00eda de Gesti\u00f3n Tur\u00edstica, la ocupaci\u00f3n hotelera a nivel provincial fue del 84%, con varias localidades que tuvieron ocupaci\u00f3n plena.<\/p>\n<p>El relevamiento oficial da cuenta de que hubo 31.133 pernoctes, con un promedio de estad\u00eda de tres noches. Eso arroj\u00f3 un impacto econ\u00f3mico, producto del movimiento tur\u00edstico, de $352 millones de pesos que se distribuyen en toda la cadena de valor del turismo, incluidos hoteler\u00eda, gastronom\u00eda, transporte, comercios y otros servicios tur\u00edsticos.<\/p>\n<p>\u201cLos n\u00fameros de este fin de semana fueron excelentes, se not\u00f3 la presencia de turistas en todos nuestros destinos; y nos marcan muy buenas expectativas para los meses de junio y julio\u201d, destac\u00f3 el ministro de Cultura, Turismo y Deporte, Roberto Brunello quien, adem\u00e1s, destac\u00f3 las propuestas culturales, tur\u00edsticas y deportivas que convocaron a muchos de los visitantes, como el Fiambal\u00e1 Desert Trail que congreg\u00f3 en Fiambal\u00e1 a m\u00e1s de 1.500 corredores, o el 1\u00ba Encuentro de Tejedoras e Hilanderas realizado en Tinogasta.<\/p>\n<p>En Bel\u00e9n, El Shincal fue sede de un encuentro de copleros que recibi\u00f3 participantes de distintas provincias; se corri\u00f3 el gran premio Ruta del Adobe con autos de \u00e9poca que recorrieron caminos del Valle Central y alrededores; El Rodeo convoc\u00f3 con la Fiesta del Niquixao; Capital con distintas alternativas en sus espacios tur\u00edsticos enmarcadas en el programa del Fin de Semana Patrio; y los distintos municipios propusieron ferias, actividades culturales y de turismo activo que multiplicaron las alternativas para los visitantes.<\/p>\n<p>Del 84% de ocupaci\u00f3n hotelera a nivel provincial se desagregan localidades que tuvieron ocupaci\u00f3n plena de sus alojamientos como Fiambal\u00e1, Tinogasta, Antofagasta de la Sierra y El Rodeo.<\/p>\n<p>Fray Mamerto Esqui\u00fa y Pom\u00e1n tuvieron un 90% de ocupaci\u00f3n hotelera, Andalgal\u00e1 un 88%, Bel\u00e9n, Las Juntas y Pacl\u00edn un 85%, San Fernando del Valle de Catamarca un 81%, Santa Mar\u00eda un 78%, Huillapima un 75%, Santa Rosa el 71%, La Puerta el 70%, Valle Viejo el 62% y Ancasti el 60%.<\/p>\n<p>Este fin de semana largo de mayo coincidi\u00f3 adem\u00e1s con el inicio de la vigencia del PreViaje 4, una pol\u00edtica del Ministerio de Turismo y Deportes de la Naci\u00f3n para impulsar el turismo nacional que contribuy\u00f3 al movimiento tur\u00edstico en todo el territorio argentino.<\/p>\n","protected":false},"excerpt":{"rendered":"<p>Catamarca fue elegida por casi 30 mil turistas durante el fin de semana largo y patrio de mayo. Seg\u00fan datos<\/p>\n","protected":false},"author":1,"featured_media":3325,"comment_status":"closed","ping_status":"closed","sticky":false,"template":"","format":"standard","meta":{"footnotes":"","jetpack_publicize_message":"","jetpack_publicize_feature_enabled":true,"jetpack_social_post_already_shared":false,"jetpack_social_options":{"image_generator_settings":{"template":"highway","enabled":false},"version":2}},"categories":[2],"tags":[],"class_list":["post-3324","post","type-post","status-publish","format-standard","has-post-thumbnail","hentry","category-locales"],"jetpack_publicize_connections":[],"_links":{"self":[{"href":"https:\/\/diariorepublica.com.ar\/web\/index.php\/wp-json\/wp\/v2\/posts\/3324"}],"collection":[{"href":"https:\/\/diariorepublica.com.ar\/web\/index.php\/wp-json\/wp\/v2\/posts"}],"about":[{"href":"https:\/\/diariorepublica.com.ar\/web\/index.php\/wp-json\/wp\/v2\/types\/post"}],"author":[{"embeddable":true,"href":"https:\/\/diariorepublica.com.ar\/web\/index.php\/wp-json\/wp\/v2\/users\/1"}],"replies":[{"embeddable":true,"href":"https:\/\/diariorepublica.com.ar\/web\/index.php\/wp-json\/wp\/v2\/comments?post=3324"}],"version-history":[{"count":1,"href":"https:\/\/diariorepublica.com.ar\/web\/index.php\/wp-json\/wp\/v2\/posts\/3324\/revisions"}],"predecessor-version":[{"id":3326,"href":"https:\/\/diariorepublica.com.ar\/web\/index.php\/wp-json\/wp\/v2\/posts\/3324\/revisions\/3326"}],"wp:featuredmedia":[{"embeddable":true,"href":"https:\/\/diariorepublica.com.ar\/web\/index.php\/wp-json\/wp\/v2\/media\/3325"}],"wp:attachment":[{"href":"https:\/\/diariorepublica.com.ar\/web\/index.php\/wp-json\/wp\/v2\/media?parent=3324"}],"wp:term":[{"taxonomy":"category","embeddable":true,"href":"https:\/\/diariorepublica.com.ar\/web\/index.php\/wp-json\/wp\/v2\/categories?post=3324"},{"taxonomy":"post_tag","embeddable":true,"href":"https:\/\/diariorepublica.com.ar\/web\/index.php\/wp-json\/wp\/v2\/tags?post=3324"}],"curies":[{"name":"wp","href":"https:\/\/api.w.org\/{rel}","templated":true}]}}