{"id":3327,"date":"2023-05-29T15:45:07","date_gmt":"2023-05-29T18:45:07","guid":{"rendered":"https:\/\/diariorepublica.com.ar\/web\/?p=3327"},"modified":"2023-05-29T15:45:08","modified_gmt":"2023-05-29T18:45:08","slug":"acreditacion-de-haberes-de-la-administracion-publica-2","status":"publish","type":"post","link":"https:\/\/diariorepublica.com.ar\/web\/index.php\/sociedad\/2023\/05\/29\/acreditacion-de-haberes-de-la-administracion-publica-2\/","title":{"rendered":"Acreditaci\u00f3n de haberes de la Administraci\u00f3n P\u00fablica"},"content":{"rendered":"<p>El Ministerio de Econom\u00eda informa que la acreditaci\u00f3n de haberes de los trabajadores de la Administraci\u00f3n P\u00fablica Provincial, correspondiente al mes de mayo, dar\u00e1 inicio el pr\u00f3ximo martes 6 de junio.<\/p>\n<p>Los pagos se acreditar\u00e1n seg\u00fan el siguiente cronograma:<\/p>\n<p><strong>Martes 6 de junio<\/strong>: Organismos de la Administraci\u00f3n P\u00fablica (Ministerio de Salud, Hospital San Juan Bautista, Hospital de Ni\u00f1os Eva Per\u00f3n, Maternidad Provincial 25 de mayo, Ministerio de Seguridad, Polic\u00eda de la Provincia, Servicio Penitenciario, Ministerio de Infraestructura y Obras Civiles, Vialidad Provincial, Ministerio de Agua, Energ\u00eda y Ambiente, Ministerio de Desarrollo Social, C\u00e1mara de Diputados, C\u00e1mara de Senadores y dem\u00e1s organismos del Poder Ejecutivo).<\/p>\n<p><strong>Mi\u00e9rcoles 7 de junio:<\/strong>\u00a0Docentes, todas las terminaciones de DNI.<\/p>\n","protected":false},"excerpt":{"rendered":"<p>El Ministerio de Econom\u00eda informa que la acreditaci\u00f3n de haberes de los trabajadores de la Administraci\u00f3n P\u00fablica Provincial, correspondiente al<\/p>\n","protected":false},"author":1,"featured_media":3328,"comment_status":"closed","ping_status":"closed","sticky":false,"template":"","format":"standard","meta":{"footnotes":"","jetpack_publicize_message":"","jetpack_publicize_feature_enabled":true,"jetpack_social_post_already_shared":false,"jetpack_social_options":{"image_generator_settings":{"template":"highway","enabled":false},"version":2}},"categories":[3],"tags":[],"class_list":["post-3327","post","type-post","status-publish","format-standard","has-post-thumbnail","hentry","category-sociedad"],"jetpack_publicize_connections":[],"_links":{"self":[{"href":"https:\/\/diariorepublica.com.ar\/web\/index.php\/wp-json\/wp\/v2\/posts\/3327"}],"collection":[{"href":"https:\/\/diariorepublica.com.ar\/web\/index.php\/wp-json\/wp\/v2\/posts"}],"about":[{"href":"https:\/\/diariorepublica.com.ar\/web\/index.php\/wp-json\/wp\/v2\/types\/post"}],"author":[{"embeddable":true,"href":"https:\/\/diariorepublica.com.ar\/web\/index.php\/wp-json\/wp\/v2\/users\/1"}],"replies":[{"embeddable":true,"href":"https:\/\/diariorepublica.com.ar\/web\/index.php\/wp-json\/wp\/v2\/comments?post=3327"}],"version-history":[{"count":1,"href":"https:\/\/diariorepublica.com.ar\/web\/index.php\/wp-json\/wp\/v2\/posts\/3327\/revisions"}],"predecessor-version":[{"id":3329,"href":"https:\/\/diariorepublica.com.ar\/web\/index.php\/wp-json\/wp\/v2\/posts\/3327\/revisions\/3329"}],"wp:featuredmedia":[{"embeddable":true,"href":"https:\/\/diariorepublica.com.ar\/web\/index.php\/wp-json\/wp\/v2\/media\/3328"}],"wp:attachment":[{"href":"https:\/\/diariorepublica.com.ar\/web\/index.php\/wp-json\/wp\/v2\/media?parent=3327"}],"wp:term":[{"taxonomy":"category","embeddable":true,"href":"https:\/\/diariorepublica.com.ar\/web\/index.php\/wp-json\/wp\/v2\/categories?post=3327"},{"taxonomy":"post_tag","embeddable":true,"href":"https:\/\/diariorepublica.com.ar\/web\/index.php\/wp-json\/wp\/v2\/tags?post=3327"}],"curies":[{"name":"wp","href":"https:\/\/api.w.org\/{rel}","templated":true}]}}