{"id":3330,"date":"2023-05-29T17:45:00","date_gmt":"2023-05-29T20:45:00","guid":{"rendered":"https:\/\/diariorepublica.com.ar\/web\/?p=3330"},"modified":"2023-05-29T15:46:08","modified_gmt":"2023-05-29T18:46:08","slug":"la-obra-en-la-antigua-casa-de-gobierno-tiene-un-avance-importante-y-estaria-finalizada-en-agosto","status":"publish","type":"post","link":"https:\/\/diariorepublica.com.ar\/web\/index.php\/sociedad\/2023\/05\/29\/la-obra-en-la-antigua-casa-de-gobierno-tiene-un-avance-importante-y-estaria-finalizada-en-agosto\/","title":{"rendered":"La obra en la antigua Casa de Gobierno tiene un avance importante y estar\u00eda finalizada en agosto"},"content":{"rendered":"<p>La obra de refacci\u00f3n y puesta en valor del edificio de la antigua Casa de Gobierno tiene un avance de 70% en los trabajos y se estima que estar\u00e1 lista en el mes de agosto. El objetivo de la obra es poner en valor el hist\u00f3rico edificio, con una funcionalidad cultural y tecnol\u00f3gica.<\/p>\n<p>El gobernador Ra\u00fal Jalil, luego de participar del izamiento del Pabell\u00f3n Nacional en Plaza 25 de mayo por un nuevo aniversario del Ej\u00e9rcito Argentino, recorri\u00f3 el emblem\u00e1tico edificio junto con el ministro de Infraestructura y Obras Civiles, Eduardo Nierdele.<\/p>\n<p>Los trabajos consisten en la restauraci\u00f3n general del espacio, respetando el dise\u00f1o arquitect\u00f3nico original de Luis Caravati. El objetivo de la intervenci\u00f3n integral es restaurar, preservar y poner en valor la arquitectura declarada patrimonial, respetando para ello la autenticidad de los vestigios originales<\/p>\n<p>Entre ellos es recuperar la tipolog\u00eda de la casa original y el patio original de la casa; recuperar la visi\u00f3n lateral de la Catedral Bas\u00edlica. Adem\u00e1s, generar un sistema de lugares a trav\u00e9s de paseos que conecten el Paso de la Fe, del Peregrino y de la Virgen y permitir la conexi\u00f3n original de la Catedral con la Casa.<\/p>\n<p>En ese orden, ya se termin\u00f3 la parte gruesa del trabajo que implic\u00f3 la restauraci\u00f3n de la parte antigua de la Casa de Gobierno. Ahora se interviene en terminaciones y el inicio de los nuevos espacios que se agregan al dise\u00f1o original y la parte exterior del edificio.<\/p>\n<p>La obra permitir\u00e1 la refuncionalizaci\u00f3n del hist\u00f3rico edificio como un Centro Cultural y Tecnol\u00f3gico que contar\u00e1 con museo, espacio para artesanos y sectores para actos p\u00fablicos y recepciones protocolares.<\/p>\n<p>\u201cVa a ser un lugar de encuentro para todos los catamarque\u00f1os\u201d, afirm\u00f3 el primer mandatario sobre el lugar. \u201cEsperamos inaugurarla dentro de poco para que puedan visitarla, especialmente los chicos\u201d, expres\u00f3 el Gobernador.<\/p>\n","protected":false},"excerpt":{"rendered":"<p>La obra de refacci\u00f3n y puesta en valor del edificio de la antigua Casa de Gobierno tiene un avance de<\/p>\n","protected":false},"author":1,"featured_media":3331,"comment_status":"closed","ping_status":"closed","sticky":false,"template":"","format":"standard","meta":{"footnotes":"","jetpack_publicize_message":"","jetpack_publicize_feature_enabled":true,"jetpack_social_post_already_shared":false,"jetpack_social_options":{"image_generator_settings":{"template":"highway","enabled":false},"version":2}},"categories":[3],"tags":[],"class_list":["post-3330","post","type-post","status-publish","format-standard","has-post-thumbnail","hentry","category-sociedad"],"jetpack_publicize_connections":[],"_links":{"self":[{"href":"https:\/\/diariorepublica.com.ar\/web\/index.php\/wp-json\/wp\/v2\/posts\/3330"}],"collection":[{"href":"https:\/\/diariorepublica.com.ar\/web\/index.php\/wp-json\/wp\/v2\/posts"}],"about":[{"href":"https:\/\/diariorepublica.com.ar\/web\/index.php\/wp-json\/wp\/v2\/types\/post"}],"author":[{"embeddable":true,"href":"https:\/\/diariorepublica.com.ar\/web\/index.php\/wp-json\/wp\/v2\/users\/1"}],"replies":[{"embeddable":true,"href":"https:\/\/diariorepublica.com.ar\/web\/index.php\/wp-json\/wp\/v2\/comments?post=3330"}],"version-history":[{"count":1,"href":"https:\/\/diariorepublica.com.ar\/web\/index.php\/wp-json\/wp\/v2\/posts\/3330\/revisions"}],"predecessor-version":[{"id":3332,"href":"https:\/\/diariorepublica.com.ar\/web\/index.php\/wp-json\/wp\/v2\/posts\/3330\/revisions\/3332"}],"wp:featuredmedia":[{"embeddable":true,"href":"https:\/\/diariorepublica.com.ar\/web\/index.php\/wp-json\/wp\/v2\/media\/3331"}],"wp:attachment":[{"href":"https:\/\/diariorepublica.com.ar\/web\/index.php\/wp-json\/wp\/v2\/media?parent=3330"}],"wp:term":[{"taxonomy":"category","embeddable":true,"href":"https:\/\/diariorepublica.com.ar\/web\/index.php\/wp-json\/wp\/v2\/categories?post=3330"},{"taxonomy":"post_tag","embeddable":true,"href":"https:\/\/diariorepublica.com.ar\/web\/index.php\/wp-json\/wp\/v2\/tags?post=3330"}],"curies":[{"name":"wp","href":"https:\/\/api.w.org\/{rel}","templated":true}]}}