{"id":3370,"date":"2023-05-30T08:11:01","date_gmt":"2023-05-30T11:11:01","guid":{"rendered":"https:\/\/diariorepublica.com.ar\/web\/?p=3370"},"modified":"2023-05-30T08:11:02","modified_gmt":"2023-05-30T11:11:02","slug":"marchioli-se-presento-como-querellante-en-una-causa-por-supuesta-defraudacion-al-estado","status":"publish","type":"post","link":"https:\/\/diariorepublica.com.ar\/web\/index.php\/politica\/2023\/05\/30\/marchioli-se-presento-como-querellante-en-una-causa-por-supuesta-defraudacion-al-estado\/","title":{"rendered":"Marchioli se present\u00f3 como querellante en una causa por supuesta defraudaci\u00f3n al Estado"},"content":{"rendered":"<p>En octubre del a\u00f1o pasado el diputado provincial y actual presidente de la UCR provincial, Alfredo Marchioli denunci\u00f3 al secretario de Servicios de Agua, Pablo Javier Espeche, por la supuesta comisi\u00f3n de los delitos de violaci\u00f3n de los deberes de funcionario p\u00fablico y negociaciones incompatibles con el ejercicio de la funci\u00f3n p\u00fablica. Puntualmente lo acus\u00f3 de \u201ccomprarse \u00e9l mismo\u201d elementos para \u201cel supuesto mantenimiento de un Dique\u201d por un monto de casi 7 millones de pesos.<\/p>\n<p>En vista de la falta de avances en el proceso judicial contra este funcionario, el legislador este lunes se present\u00f3 ante Fiscal\u00eda General para solicitar ser admitido como querellante particular. Seg\u00fan lo adelantado por Marchioli, esto es con el objeto de coadyuvar a la acreditaci\u00f3n de la existencia material de los hechos investigados.<\/p>\n<p>Marchioli dud\u00f3 en relacionar la inacci\u00f3n judicial con una relaci\u00f3n pol\u00edtica, considerando que \u201cel servicio de justicia est\u00e1 completamente vulnerado por la designaci\u00f3n de fiscales y magistrados a dedo, por lo que claramente tienen m\u00e1s vinculaci\u00f3n con el Poder pol\u00edtico que con el servicio de justicia\u201d<\/p>\n","protected":false},"excerpt":{"rendered":"<p>En octubre del a\u00f1o pasado el diputado provincial y actual presidente de la UCR provincial, Alfredo Marchioli denunci\u00f3 al secretario<\/p>\n","protected":false},"author":2,"featured_media":3371,"comment_status":"closed","ping_status":"closed","sticky":false,"template":"","format":"standard","meta":{"footnotes":"","jetpack_publicize_message":"","jetpack_publicize_feature_enabled":true,"jetpack_social_post_already_shared":false,"jetpack_social_options":{"image_generator_settings":{"template":"highway","enabled":false},"version":2}},"categories":[12],"tags":[],"class_list":["post-3370","post","type-post","status-publish","format-standard","has-post-thumbnail","hentry","category-politica"],"jetpack_publicize_connections":[],"_links":{"self":[{"href":"https:\/\/diariorepublica.com.ar\/web\/index.php\/wp-json\/wp\/v2\/posts\/3370"}],"collection":[{"href":"https:\/\/diariorepublica.com.ar\/web\/index.php\/wp-json\/wp\/v2\/posts"}],"about":[{"href":"https:\/\/diariorepublica.com.ar\/web\/index.php\/wp-json\/wp\/v2\/types\/post"}],"author":[{"embeddable":true,"href":"https:\/\/diariorepublica.com.ar\/web\/index.php\/wp-json\/wp\/v2\/users\/2"}],"replies":[{"embeddable":true,"href":"https:\/\/diariorepublica.com.ar\/web\/index.php\/wp-json\/wp\/v2\/comments?post=3370"}],"version-history":[{"count":1,"href":"https:\/\/diariorepublica.com.ar\/web\/index.php\/wp-json\/wp\/v2\/posts\/3370\/revisions"}],"predecessor-version":[{"id":3372,"href":"https:\/\/diariorepublica.com.ar\/web\/index.php\/wp-json\/wp\/v2\/posts\/3370\/revisions\/3372"}],"wp:featuredmedia":[{"embeddable":true,"href":"https:\/\/diariorepublica.com.ar\/web\/index.php\/wp-json\/wp\/v2\/media\/3371"}],"wp:attachment":[{"href":"https:\/\/diariorepublica.com.ar\/web\/index.php\/wp-json\/wp\/v2\/media?parent=3370"}],"wp:term":[{"taxonomy":"category","embeddable":true,"href":"https:\/\/diariorepublica.com.ar\/web\/index.php\/wp-json\/wp\/v2\/categories?post=3370"},{"taxonomy":"post_tag","embeddable":true,"href":"https:\/\/diariorepublica.com.ar\/web\/index.php\/wp-json\/wp\/v2\/tags?post=3370"}],"curies":[{"name":"wp","href":"https:\/\/api.w.org\/{rel}","templated":true}]}}