{"id":3382,"date":"2023-05-30T09:03:25","date_gmt":"2023-05-30T12:03:25","guid":{"rendered":"https:\/\/diariorepublica.com.ar\/web\/?p=3382"},"modified":"2023-05-30T09:03:26","modified_gmt":"2023-05-30T12:03:26","slug":"tras-la-polemica-finalmente-llegaron-los-colchones-para-el-hogar-escuela","status":"publish","type":"post","link":"https:\/\/diariorepublica.com.ar\/web\/index.php\/politica\/2023\/05\/30\/tras-la-polemica-finalmente-llegaron-los-colchones-para-el-hogar-escuela\/","title":{"rendered":"Tras la polemica finalmente llegaron los colchones para el Hogar Escuela"},"content":{"rendered":"<p>Luego que se conociera que el diputado opositor Tiago Puente inici\u00f3 una colecta para recaudar fondos destinados a la compra de colchones para la Escuela Hogar \u201cFray Mamerto Esqui\u00fa\u201d, hecho que gener\u00f3 pol\u00e9mica, el Ministerio de Educaci\u00f3n de manera conjunta con el Ministerio de Desarrollo Social hicieron entrega de los primeros 48 colchones nuevos para este hist\u00f3rico albergue escuela. Dicho insumo completar\u00e1 la cantidad de 100 unidades el pr\u00f3ximo viernes.<\/p>\n<p>As\u00ed se hizo saber desde la cartera educativa, marcando que la entrega fue recibida por el director del establecimiento educativo, Jorge Morales Ramos, con el acompa\u00f1amiento del director de Pol\u00edticas Socioeducativas y Alimentarias Gabriel Bulacio y su par el director del PIO, Marcelo Lobo, de Desarrollo Social. \u201cHoy hacemos entrega de los colchones que nos hab\u00edan solicitado hace dos meses para la Escuela Hogar. En un trabajo mancomunado entre ministerios como el que se viene desarrollando, ya que hace un tiempo atr\u00e1s nos dimos con esta problem\u00e1tica, donde hace muy poquito nos solicitaron los colchones, y ante la demanda de calidad necesaria para el descanso de los chicos, el proveedor no contaba con la cantidad, por eso se demor\u00f3 un poquito en el tiempo, pero hoy por suerte ya est\u00e1n aqu\u00ed los colchones\u201d, mencion\u00f3 Bulacio.<\/p>\n<p>\u201cEstos colchones en sus caracter\u00edsticas b\u00e1sicas son m\u00e1s compactos, para un uso diario, ya que es un uso intensivo, sobre todo porque son chicos\/as, entonces quer\u00edamos esperar a contar con una oferta de calidad, que nos permitiera hacer esta entrega\u201d, agreg\u00f3 el director del Programa PIO. Adem\u00e1s, indic\u00f3 que actualmente 80 ni\u00f1os y ni\u00f1as permanecen alojados en el albergue de la Escuela Hogar y son monitoreados constantemente, no solo desde su alimentaci\u00f3n, sino en todas sus necesidades y este es un trabajo que se viene haciendo con Educaci\u00f3n\u201d, agreg\u00f3 Lobo.<\/p>\n<p>El director Bulacio le agradeci\u00f3 al legislador Tiago Puente \u201cque estuvo haciendo una colecta para reunir plata para comprar los colchones que nosotros ya hab\u00edamos tramitado en tiempo y forma y por eso nos parec\u00eda oportuno aclarar cu\u00e1l es la situaci\u00f3n de lo sucedido\u00bb.<\/p>\n<p>Seg\u00fan el directivo, \u00abhoy la Escuela Hogar tiene los colchones que necesitaba y en unos d\u00edas, se completar\u00e1 la totalidad del pedido realizado\u201d. Y remarc\u00f3, adem\u00e1s, que \u00abcon el director de la instituci\u00f3n mantenemos un di\u00e1logo constante, a trav\u00e9s del trabajo con la cooperadora escolar, con la comisi\u00f3n de padres en donde desde Naci\u00f3n desde un programa que se llama \u201cCooperadora Escolar\u201d y \u201cRenacope\u201d, la Escuela Hogar ha recibido fondos por 240.000 pesos tambi\u00e9n, es decir hay una colaboraci\u00f3n constante con este establecimiento en particular.<\/p>\n<p>Por \u00faltimo, el director de la instituci\u00f3n Jorge Morales Ramos, tambi\u00e9n replic\u00f3 su agradecimiento \u201cde este dinero de la colecta que se hizo p\u00fablica, a todos los que han participado y al diputado que se ha puesto en esta campa\u00f1a tan solidaria, pero este fondo va a estar destinado para que los pap\u00e1s de la cooperadora escolar lo designen a otras necesidades y puedan gastar los fondos ah\u00ed, en lo que se decida en conjunto, ya que el tema de los colchones hoy est\u00e1 subsanado\u201d, concluy\u00f3.<\/p>\n","protected":false},"excerpt":{"rendered":"<p>Luego que se conociera que el diputado opositor Tiago Puente inici\u00f3 una colecta para recaudar fondos destinados a la compra<\/p>\n","protected":false},"author":2,"featured_media":3383,"comment_status":"closed","ping_status":"closed","sticky":false,"template":"","format":"standard","meta":{"footnotes":"","jetpack_publicize_message":"","jetpack_publicize_feature_enabled":true,"jetpack_social_post_already_shared":false,"jetpack_social_options":{"image_generator_settings":{"template":"highway","enabled":false},"version":2}},"categories":[12],"tags":[],"class_list":["post-3382","post","type-post","status-publish","format-standard","has-post-thumbnail","hentry","category-politica"],"jetpack_publicize_connections":[],"_links":{"self":[{"href":"https:\/\/diariorepublica.com.ar\/web\/index.php\/wp-json\/wp\/v2\/posts\/3382"}],"collection":[{"href":"https:\/\/diariorepublica.com.ar\/web\/index.php\/wp-json\/wp\/v2\/posts"}],"about":[{"href":"https:\/\/diariorepublica.com.ar\/web\/index.php\/wp-json\/wp\/v2\/types\/post"}],"author":[{"embeddable":true,"href":"https:\/\/diariorepublica.com.ar\/web\/index.php\/wp-json\/wp\/v2\/users\/2"}],"replies":[{"embeddable":true,"href":"https:\/\/diariorepublica.com.ar\/web\/index.php\/wp-json\/wp\/v2\/comments?post=3382"}],"version-history":[{"count":1,"href":"https:\/\/diariorepublica.com.ar\/web\/index.php\/wp-json\/wp\/v2\/posts\/3382\/revisions"}],"predecessor-version":[{"id":3384,"href":"https:\/\/diariorepublica.com.ar\/web\/index.php\/wp-json\/wp\/v2\/posts\/3382\/revisions\/3384"}],"wp:featuredmedia":[{"embeddable":true,"href":"https:\/\/diariorepublica.com.ar\/web\/index.php\/wp-json\/wp\/v2\/media\/3383"}],"wp:attachment":[{"href":"https:\/\/diariorepublica.com.ar\/web\/index.php\/wp-json\/wp\/v2\/media?parent=3382"}],"wp:term":[{"taxonomy":"category","embeddable":true,"href":"https:\/\/diariorepublica.com.ar\/web\/index.php\/wp-json\/wp\/v2\/categories?post=3382"},{"taxonomy":"post_tag","embeddable":true,"href":"https:\/\/diariorepublica.com.ar\/web\/index.php\/wp-json\/wp\/v2\/tags?post=3382"}],"curies":[{"name":"wp","href":"https:\/\/api.w.org\/{rel}","templated":true}]}}