{"id":342,"date":"2023-03-23T19:45:31","date_gmt":"2023-03-23T22:45:31","guid":{"rendered":"https:\/\/diariorepublica.com.ar\/web\/?p=342"},"modified":"2023-03-23T19:45:31","modified_gmt":"2023-03-23T22:45:31","slug":"ruego-que-se-conozca-la-verdad-el-comunicado-de-jey-mammon","status":"publish","type":"post","link":"https:\/\/diariorepublica.com.ar\/web\/index.php\/espectaculos\/2023\/03\/23\/ruego-que-se-conozca-la-verdad-el-comunicado-de-jey-mammon\/","title":{"rendered":"\u201cRuego que se conozca la verdad\u201d: el comunicado de Jey Mammon"},"content":{"rendered":"<p>Con un comunicado publicado en sus redes sociales,\u00a0<strong>Jey Mammon se refiri\u00f3 a la denuncia en su contra<\/strong>\u00a0por parte de Lucas Benvenuto.<\/p>\n<p>El artista asegur\u00f3 que el supuesto abuso sexual se trata \u201cun\u00a0<strong>episodio falso en gran parte<\/strong>\u00a0de su contenido\u201d.<\/p>\n<p>Adem\u00e1s, denunci\u00f3 una\u00a0<strong>campa\u00f1a de \u201cacoso y difamaci\u00f3n\u201d<\/strong>\u00a0y acus\u00f3 a Benvenuto de haberlo extorsionado.<\/p>\n<p>A continuaci\u00f3n, el comunicado completo de Jey Mammon:<\/p>\n<p><em>\u201cAnte la difusi\u00f3n de una denuncia que la Justicia resolvi\u00f3 prescribir, trat\u00e1ndose de un episodio falso en gran parte de su contenido, me veo en la necesidad de informar que a ese accionar, que busca inconfesables r\u00e9ditos en perjuicio de mi persona, se le suma una persistente campa\u00f1a de acoso y difamaci\u00f3n.<\/em><\/p>\n<p><em>He sufrido conductas extorsivas de parte de quien promovi\u00f3 una denuncia que la Justicia sobresey\u00f3 y cerr\u00f3.<\/em><\/p>\n<p><em>Sin perjuicio de las acciones legales a emprender, se hace imperioso dejar en claro que la situaci\u00f3n planteada es producto de la conducta de una persona que, en este caso, y frente a la Justicia ha actuado faltando a la verdad.<\/em><\/p>\n<p><em>La instalaci\u00f3n medi\u00e1tica del tema ha puesto en juego el prestigio y el honor de quien les habla en un hecho delicado y sensible para toda la sociedad.<\/em><br \/>\n<em>Ruego a Dios fluya, se exponga y se conozca\u00a0la\u00a0verdad.\u201d<\/em><\/p>\n","protected":false},"excerpt":{"rendered":"<p>Con un comunicado publicado en sus redes sociales,\u00a0Jey Mammon se refiri\u00f3 a la denuncia en su contra\u00a0por parte de Lucas<\/p>\n","protected":false},"author":1,"featured_media":343,"comment_status":"closed","ping_status":"closed","sticky":false,"template":"","format":"standard","meta":{"footnotes":"","jetpack_publicize_message":"","jetpack_publicize_feature_enabled":true,"jetpack_social_post_already_shared":false,"jetpack_social_options":{"image_generator_settings":{"template":"highway","enabled":false},"version":2}},"categories":[7],"tags":[],"class_list":["post-342","post","type-post","status-publish","format-standard","has-post-thumbnail","hentry","category-espectaculos"],"jetpack_publicize_connections":[],"_links":{"self":[{"href":"https:\/\/diariorepublica.com.ar\/web\/index.php\/wp-json\/wp\/v2\/posts\/342"}],"collection":[{"href":"https:\/\/diariorepublica.com.ar\/web\/index.php\/wp-json\/wp\/v2\/posts"}],"about":[{"href":"https:\/\/diariorepublica.com.ar\/web\/index.php\/wp-json\/wp\/v2\/types\/post"}],"author":[{"embeddable":true,"href":"https:\/\/diariorepublica.com.ar\/web\/index.php\/wp-json\/wp\/v2\/users\/1"}],"replies":[{"embeddable":true,"href":"https:\/\/diariorepublica.com.ar\/web\/index.php\/wp-json\/wp\/v2\/comments?post=342"}],"version-history":[{"count":1,"href":"https:\/\/diariorepublica.com.ar\/web\/index.php\/wp-json\/wp\/v2\/posts\/342\/revisions"}],"predecessor-version":[{"id":344,"href":"https:\/\/diariorepublica.com.ar\/web\/index.php\/wp-json\/wp\/v2\/posts\/342\/revisions\/344"}],"wp:featuredmedia":[{"embeddable":true,"href":"https:\/\/diariorepublica.com.ar\/web\/index.php\/wp-json\/wp\/v2\/media\/343"}],"wp:attachment":[{"href":"https:\/\/diariorepublica.com.ar\/web\/index.php\/wp-json\/wp\/v2\/media?parent=342"}],"wp:term":[{"taxonomy":"category","embeddable":true,"href":"https:\/\/diariorepublica.com.ar\/web\/index.php\/wp-json\/wp\/v2\/categories?post=342"},{"taxonomy":"post_tag","embeddable":true,"href":"https:\/\/diariorepublica.com.ar\/web\/index.php\/wp-json\/wp\/v2\/tags?post=342"}],"curies":[{"name":"wp","href":"https:\/\/api.w.org\/{rel}","templated":true}]}}