{"id":34523,"date":"2026-08-31T08:28:39","date_gmt":"2026-08-31T11:28:39","guid":{"rendered":"https:\/\/diariorepublica.com.ar\/web\/?p=34523"},"modified":"2026-08-31T08:28:42","modified_gmt":"2026-08-31T11:28:42","slug":"las-leonas-volvieron-a-la-argentina-con-la-copa-del-mundo","status":"publish","type":"post","link":"https:\/\/diariorepublica.com.ar\/web\/index.php\/deportes\/2026\/08\/31\/las-leonas-volvieron-a-la-argentina-con-la-copa-del-mundo\/","title":{"rendered":"Las Leonas volvieron a la Argentina con la Copa del Mundo"},"content":{"rendered":"<p><strong data-start=\"107\" data-end=\"193\">Las Leonas regresaron a la Argentina\u00a0convertidas nuevamente en campeonas del mundo<\/strong>\u00a0y protagonizaron una emotiva recepci\u00f3n en el aeropuerto, donde familiares, allegados y el m\u00f3vil de A24 aguardaron la llegada del seleccionado que conquist\u00f3 su tercera estrella mundialista.<\/p>\n<article class=\"article-body par-2\">\n<div class=\"article-content\">\n<div class=\"news-body-paragraph\" data-twitter-link=\"\">\n<p id=\"p-1788171245855-23073\" data-start=\"375\" data-end=\"740\">Con\u00a0<strong data-start=\"379\" data-end=\"436\">Mar\u00eda Jos\u00e9 \u201cMajo\u201d Granatto llevando la Copa del Mundo<\/strong>, las jugadoras aparecieron entre aplausos, canciones y abrazos despu\u00e9s de una consagraci\u00f3n hist\u00f3rica en Pa\u00edses Bajos. El equipo de Fernando Ferrara se impuso por 3-1 en los shoot-outs ante el seleccionado local, luego del empate 1-1 durante el tiempo reglamentario.<\/p>\n<\/div>\n<\/div>\n<\/article>\n<article class=\"article-body par-3\">\n<div class=\"article-content\">\n<div class=\"news-body-paragraph\" data-twitter-link=\"\">\n<p id=\"p-1788171245855-60837\" data-start=\"742\" data-end=\"1061\">La victoria permiti\u00f3 sumar el tercer Mundial femenino de hockey sobre c\u00e9sped para la Argentina, despu\u00e9s de\u00a0<strong data-start=\"849\" data-end=\"878\">Perth 2002 y Rosario 2010<\/strong>, y tuvo un condimento especial: Las Leonas derrotaron en Amstelveen a las locales, vigentes campeonas ol\u00edmpicas y defensoras del t\u00edtulo mundial.<\/p>\n<\/div>\n<\/div>\n<\/article>\n<article class=\"article-body par-4\">\n<div class=\"article-content\">\n<div class=\"news-body-paragraph\" data-twitter-link=\"\">\n<div id=\"embed54_wrap\" class=\"embed_cont type_freetext\" contenteditable=\"false\">\n<div id=\"embed54_content\" class=\"embed_content\">\n<div id=\"embed54_embed\">\n<div id=\"p-1788171535866-34181\"><iframe loading=\"lazy\" title=\"Dailymotion video player \u2013 Llegada de Las Leonas a la Argentina tras salir campeonas\" src=\"https:\/\/geo.dailymotion.com\/player\/xx206.html?video=xb2orr2\" width=\"100%\" height=\"100%\" frameborder=\"0\" allowfullscreen=\"allowfullscreen\" data-td-src-property=\"https:\/\/geo.dailymotion.com\/player\/xx206.html?video=xb2orr2\" data-gtm-yt-inspected-31521157_77=\"true\" data-gtm-yt-inspected-16=\"true\" data-mce-fragment=\"1\"><\/iframe><\/div>\n<\/div>\n<\/div>\n<div id=\"p-1788171535866-53327\" class=\"embed_wrapper-cont\">\n<div id=\"embed54_epigrafe\" class=\"embed_epigrafe\">\u00a0<\/div>\n<\/div>\n<\/div>\n<h6 id=\"p-1788171245855-78216\" data-section-id=\"1dwg8br\" data-start=\"1063\" data-end=\"1131\">Majo Granatto lleg\u00f3 con la Copa: \u201cEsto es para toda la Argentina\u201d<\/h6>\n<p id=\"p-1788171245855-44415\" data-start=\"1133\" data-end=\"1338\">Una de las im\u00e1genes de la ma\u00f1ana tuvo como protagonista a\u00a0<strong data-start=\"1191\" data-end=\"1208\">Majo Granatto<\/strong>, quien apareci\u00f3 con el trofeo y lo apoy\u00f3 por unos instantes sobre una de las valijas mientras el plantel posaba ante las c\u00e1maras. La capitana resumi\u00f3 las sensaciones del equipo despu\u00e9s de una campa\u00f1a inolvidable.<\/p>\n<\/div>\n<\/div>\n<\/article>\n<article class=\"article-body par-5\">\n<div class=\"article-content\">\n<div class=\"news-body-paragraph\" data-twitter-link=\"\">\n<p id=\"p-1788171245855-31032\" data-start=\"1424\" data-end=\"1620\"><strong data-start=\"1424\" data-end=\"1582\">\u201cEsto es impresionante. Ver toda la gente tambi\u00e9n a recibirnos&#8230; Esto es de todos, para toda la Argentina. Cost\u00f3 mucho y estamos muy contentas realmente\u201d<\/strong>, expres\u00f3 Granatto en di\u00e1logo con\u00a0<strong>A24.<\/strong><\/p>\n<p id=\"p-1788171245855-81307\" data-start=\"1622\" data-end=\"1742\">La delantera tambi\u00e9n record\u00f3 la exigencia de una final que tuvo a Argentina abajo en el marcador hasta el \u00faltimo cuarto. \u201cCreo que fue la mejor final que jugamos hace a\u00f1os.\u00a0<strong data-start=\"1796\" data-end=\"1889\">La jugamos con autoridad, con determinaci\u00f3n, con convicci\u00f3n. La fuimos a buscar realmente<\/strong>, as\u00ed que estamos felices\u201d, destac\u00f3.<\/p>\n<p id=\"p-1788171245855-98582\" data-start=\"1927\" data-end=\"2243\">Granatto tuvo un papel decisivo en la consagraci\u00f3n. Pa\u00edses Bajos hab\u00eda abierto el marcador con un c\u00f3rner corto convertido por Yibbi Jansen sobre el cierre del segundo cuarto, pero\u00a0<strong data-start=\"2107\" data-end=\"2160\">Majo consigui\u00f3 el empate a seis minutos del final<\/strong>, despu\u00e9s del s\u00e9ptimo c\u00f3rner corto argentino. El partido termin\u00f3 1-1 y todo se defini\u00f3 en los shoot-outs.<\/p>\n<h6 id=\"p-1788171245855-35505\" data-section-id=\"unzxr6\" data-start=\"2306\" data-end=\"2367\">Sof\u00eda Cair\u00f3, otra vez protagonista de un momento hist\u00f3rico<\/h6>\n<p id=\"p-1788171245855-52680\" data-start=\"2369\" data-end=\"2466\">All\u00ed volvi\u00f3 a aparecer\u00a0<strong data-start=\"2392\" data-end=\"2407\">Sof\u00eda Cair\u00f3<\/strong>, quien convirti\u00f3 la ejecuci\u00f3n que sell\u00f3 el t\u00edtulo mundial. La jugadora ya hab\u00eda quedado asociada a otra definici\u00f3n memorable con la Selecci\u00f3n: en los Juegos Ol\u00edmpicos de Par\u00eds 2024 tambi\u00e9n hab\u00eda convertido en una tanda decisiva, aquella vez camino a la medalla de bronce.<\/p>\n<p id=\"p-1788171245856-77588\" data-start=\"2682\" data-end=\"2950\">En Amstelveen, Cair\u00f3 volvi\u00f3 a asumir la responsabilidad.\u00a0<strong data-start=\"2739\" data-end=\"2796\">Victoria Granatto y Brisa Bruggesser tambi\u00e9n marcaron<\/strong>, mientras que Cristina Cosentino se convirti\u00f3 en una de las grandes figuras al frustrar tres intentos neerlandeses.<\/p>\n<p id=\"p-1788171245856-6486\" data-start=\"2952\" data-end=\"3052\">Ya en la Argentina, Cair\u00f3 habl\u00f3 de lo que significaba formar parte de una nueva generaci\u00f3n campeona.\u00a0<strong data-start=\"3054\" data-end=\"3114\">\u201cEs un orgullo y un privilegio ser parte de este equipo\u201d<\/strong>, afirm\u00f3. Y cuando le recordaron que ahora integra el grupo de jugadoras que se sumaron a las campeonas de 2002 y 2010, respondi\u00f3:\u00a0<strong data-start=\"3245\" data-end=\"3288\">\u201cEs la tercera y estamos muy contentas\u201d<\/strong>.<\/p>\n<p id=\"p-1788171245856-12511\" data-start=\"3291\" data-end=\"3458\">La jugadora tambi\u00e9n recibi\u00f3 un mensaje especial para la gente de Moreno, donde juega en Mariano Moreno. \u201cSoy muy feliz de ser de Moreno\u201d, expres\u00f3 durante la recepci\u00f3n.<\/p>\n<p data-start=\"3291\" data-end=\"3458\">a24.com<\/p>\n<\/div>\n<\/div>\n<\/article>\n\n\n<p><\/p>\n","protected":false},"excerpt":{"rendered":"<p>Las Leonas regresaron a la Argentina\u00a0convertidas nuevamente en campeonas del mundo\u00a0y protagonizaron una emotiva recepci\u00f3n en el aeropuerto, donde familiares,<\/p>\n","protected":false},"author":1,"featured_media":34524,"comment_status":"closed","ping_status":"closed","sticky":false,"template":"","format":"standard","meta":{"footnotes":"","jetpack_publicize_message":"","jetpack_publicize_feature_enabled":true,"jetpack_social_post_already_shared":true,"jetpack_social_options":{"image_generator_settings":{"template":"highway","enabled":false},"version":2}},"categories":[9],"tags":[],"class_list":["post-34523","post","type-post","status-publish","format-standard","has-post-thumbnail","hentry","category-deportes"],"jetpack_publicize_connections":[],"_links":{"self":[{"href":"https:\/\/diariorepublica.com.ar\/web\/index.php\/wp-json\/wp\/v2\/posts\/34523"}],"collection":[{"href":"https:\/\/diariorepublica.com.ar\/web\/index.php\/wp-json\/wp\/v2\/posts"}],"about":[{"href":"https:\/\/diariorepublica.com.ar\/web\/index.php\/wp-json\/wp\/v2\/types\/post"}],"author":[{"embeddable":true,"href":"https:\/\/diariorepublica.com.ar\/web\/index.php\/wp-json\/wp\/v2\/users\/1"}],"replies":[{"embeddable":true,"href":"https:\/\/diariorepublica.com.ar\/web\/index.php\/wp-json\/wp\/v2\/comments?post=34523"}],"version-history":[{"count":1,"href":"https:\/\/diariorepublica.com.ar\/web\/index.php\/wp-json\/wp\/v2\/posts\/34523\/revisions"}],"predecessor-version":[{"id":34525,"href":"https:\/\/diariorepublica.com.ar\/web\/index.php\/wp-json\/wp\/v2\/posts\/34523\/revisions\/34525"}],"wp:featuredmedia":[{"embeddable":true,"href":"https:\/\/diariorepublica.com.ar\/web\/index.php\/wp-json\/wp\/v2\/media\/34524"}],"wp:attachment":[{"href":"https:\/\/diariorepublica.com.ar\/web\/index.php\/wp-json\/wp\/v2\/media?parent=34523"}],"wp:term":[{"taxonomy":"category","embeddable":true,"href":"https:\/\/diariorepublica.com.ar\/web\/index.php\/wp-json\/wp\/v2\/categories?post=34523"},{"taxonomy":"post_tag","embeddable":true,"href":"https:\/\/diariorepublica.com.ar\/web\/index.php\/wp-json\/wp\/v2\/tags?post=34523"}],"curies":[{"name":"wp","href":"https:\/\/api.w.org\/{rel}","templated":true}]}}