{"id":34526,"date":"2026-08-31T08:32:33","date_gmt":"2026-08-31T11:32:33","guid":{"rendered":"https:\/\/diariorepublica.com.ar\/web\/?p=34526"},"modified":"2026-08-31T08:32:35","modified_gmt":"2026-08-31T11:32:35","slug":"milei-viaja-a-chile-y-a-misiones-y-se-reune-con-el-gabinete","status":"publish","type":"post","link":"https:\/\/diariorepublica.com.ar\/web\/index.php\/politica\/2026\/08\/31\/milei-viaja-a-chile-y-a-misiones-y-se-reune-con-el-gabinete\/","title":{"rendered":"Milei viaja a Chile y a Misiones y se re\u00fane con el Gabinete"},"content":{"rendered":"<p>Este lunes, Milei tiene previsto participar a partir de las 11.30 del Congreso Americano de la Federaci\u00f3n Internacional del Autom\u00f3vil (FIA), un evento que combina lobby empresario, industria automotriz y agenda de infraestructura regional. Una actividad que tendr\u00e1 adem\u00e1s como tel\u00f3n de fondo las gestiones para lograr el regreso de la F\u00f3rmula 1 al pa\u00eds.<\/p>\n<article class=\"article-body article-body--third-paragraph\">\n<p id=\"p-1788119566026-41820\">En paralelo, en la Casa Rosada,\u00a0<strong>Karina Milei recibir\u00e1 el lunes a las 18 a Marcelo Colombo, presidente de la Conferencia Episcopal Argentina (CEA)<\/strong>, en un encuentro que no es protocolar: la secretaria general de la Presidencia coordina desde hace semanas, junto al nuncio Michael Banach, los detalles operativos de la llegada de Le\u00f3n XIV al pa\u00eds, prevista entre el 8 y el 11 de noviembre, como parte de una gira que tambi\u00e9n incluye Uruguay y Per\u00fa. Ser\u00e1 la primera visita de un Papa a la Argentina en casi cuatro d\u00e9cadas, y el Gobierno ya defini\u00f3 una mesa de trabajo interjurisdiccional con la Ciudad, la Provincia de Buenos Aires y C\u00f3rdoba para ordenar seguridad, log\u00edstica y presupuesto de cara a los actos masivos que se esperan en Buenos Aires, C\u00f3rdoba y Luj\u00e1n.<\/p>\n<\/article>\n<article class=\"article-body article-body--fourth-paragraph\">\n<p id=\"p-1788119780877-42216\"><strong>El encuentro llega en medio de un escenario de tensi\u00f3n con la Iglesia cat\u00f3lica marcada por una relaci\u00f3n fr\u00eda, distante y de car\u00e1cter predominantemente formal<\/strong>, a partir de la falta de encuentros para el tradicional saludo de fin de a\u00f1o y\u00a0diferencias en torno a la agenda social. Los obispos han manifestado preocupaci\u00f3n constante por el impacto de las medidas de ajuste en los sectores m\u00e1s vulnerables, jubilados y trabajadores, adem\u00e1s de cuestionar decisiones de pol\u00edtica econ\u00f3mica del oficialismo. El arzobispo porte\u00f1o, Jorge Garc\u00eda Cuerva, ha utilizado escenarios clave como los TeDeum del 25 de Mayo y del 9 de Julio para expresar su rechazo a la polarizaci\u00f3n, la intolerancia y los ataques a trav\u00e9s de redes sociales.<\/p>\n<\/article>\n<article class=\"article-body article-body--fifth-paragraph\">\n<p id=\"p-1788119133465-34149\"><strong>El martes a las 10:00, Milei encabezar\u00e1 una nueva reuni\u00f3n de Gabinete; mientras que a las 13:00 volver\u00e1 a reunirse la mesa pol\u00edtica tras una nueva conferencia de prensa del vocero presidencial, Adrian Ravier<\/strong>. El regreso del gabinete, que tendr\u00e1 su segunda reuni\u00f3n semanal consecutiva tras una par\u00e1lisis de 45 d\u00edas, volver\u00e1 a darle centralidad a Patricia Bullrich en medio de sus continuos gestos de diferenciaci\u00f3n con la Casa Rosada. En las \u00faltimas semanas, la jefa del bloque de senadores nacionales de LLA reclam\u00f3 p\u00fablicamente \u201cm\u00e1s velocidad en los resultados\u201d econ\u00f3micos para que el ajuste \u201cllegue a las familias\u201d y a las pymes, en contraste directo con el discurso presidencial.\u00a0La ex Ministra de Seguridad viene sosteniendo, seg\u00fan su entorno, que \u201chay sectores que pueden desaparecer\u201d si no se acompa\u00f1a con mayor empat\u00eda la salida de la recesi\u00f3n, una lectura que no comparten ni Milei ni Caputo, que descart\u00f3 medidas extraordinarias para atender la morosidad de las familias.<\/p>\n<\/article>\n<article class=\"article-body article-body--remaining-paragraph\">\n<p id=\"p-1788119133465-33525\">El mi\u00e9rcoles, Milei participar\u00e1 del encuentro \u201cVientos de Cambio: Avanza la Libertad en Argentina y las Am\u00e9ricas\u201d, una cita pensada como escaparate ideol\u00f3gico regional en la previa de su gira a Chile. En simult\u00e1neo, Luis Caputo estar\u00e1 en el escenario de la Convenci\u00f3n Anual del Instituto Argentino de Finanzas (IAEF), el foro tradicional del establishment financiero, donde el ministro suele afinar el mensaje sobre el rumbo econ\u00f3mico ante un auditorio que mira con lupa cada palabra sobre el esquema cambiario y la deuda. Quirno, mientras tanto, participar\u00e1 en Montevideo de una reuni\u00f3n informal de cancilleres del Mercosur, otro frente donde la diplomacia argentina viene navegando con matices.<\/p>\n<p id=\"p-1788119133465-48547\">El jueves ser\u00e1 la jornada m\u00e1s agitada de la semana en t\u00e9rminos de pol\u00edtica exterior.\u00a0<strong>Milei parte a las 7:00 hacia Santiago de Chile, donde a las 9.30 participar\u00e1 del Foro Madrid, organizado por la Fundaci\u00f3n Disenso -el think tank de Vox- en el Centro de Eventos San Carlos de Apoquindo<\/strong>. A las 10:15 se reunir\u00e1 con Sarah Rogers, subsecretaria de Estado para la Diplomacia P\u00fablica de Estados Unidos, y a las 11.30 ser\u00e1 el encuentro bilateral con el presidente chileno<strong>\u00a0Jos\u00e9 Antonio Kast<\/strong>\u00a0en el Palacio de La Moneda.<\/p>\n<p id=\"p-1788119133465-73899\">La cumbre llega en un momento particularmente sensible para la relaci\u00f3n bilateral. Chile envi\u00f3 una nota de protesta formal a la Argentina despu\u00e9s de que el jefe del Estado Mayor de la Fuerza A\u00e9rea, el brigadier general Gustavo Valverde, afirmara en una entrevista que \u201cMagallanes, el sur, el Drake, todo eso es soberan\u00eda\u201d argentina, en referencia al paso austral que conecta el Atl\u00e1ntico con el Pac\u00edfico. La Canciller\u00eda chilena calific\u00f3 la soberan\u00eda sobre el Estrecho como \u201cindiscutible\u201d y reclam\u00f3 que se derogue formalmente el decreto que a\u00fan describe la zona como \u201cun espacio compartido\u201d entre ambos pa\u00edses, pese a haber sido derogado en 2025 sin un reemplazo promulgado.<\/p>\n<p id=\"p-1788119675596-42890\"><strong>El viernes, el Presidente se trasladar\u00e1 a Misiones en un viaje definido como un \u00abevento privado\u00bb por La Libertad Avanza, por lo que no est\u00e1 prevista una reuni\u00f3n ni actividad pol\u00edtica conjunta entre Milei y el gobernador Hugo Passalacqua<\/strong>. La semana pasada, diputados misioneros alineados con el mandatario mesopot\u00e1mico se unieron a legisladores salte\u00f1os (que responden al gobernador Gustavo S\u00e1enz) para lanzar la bancada Argentina Federal en la C\u00e1mara de Diputados. Una medida formaliza un quiebre en la postura de acompa\u00f1amiento legislativo que ven\u00eda teniendo la provincia con los libertarios, obligando a la Casa Rosada a renegociar de manera individual cada proyecto de ley.<\/p>\n<p id=\"p-1788121888666-49051\">Milei estar\u00e1 en Posadas para participar de la 47\u00b0 Convenci\u00f3n Anual del\u00a0<strong>I<\/strong>nstituto Argentino de Ejecutivos de Finanzas (Iaef). Tambi\u00e9n se espera la participaci\u00f3n de otros gobernadores. Alfredo Cornejo (Mendoza);Ra\u00fal Jalil (Catamarca) y Gustavo Vald\u00e9s (Corrientes) en el panel denominado \u201cEl rol de las provincias en la transformaci\u00f3n competitiva del pa\u00eds\u201d. Adem\u00e1s del Presidente expondr\u00e1n varios integrantes del Gabinete como los ministros de Econom\u00eda, Luis Caputo y de Desregulaci\u00f3n, Federico Sturzenegger, el Canciller Pablo Quirno y el vicepresidente del Banco Central, Vladimir Werning.<\/p>\n<\/article>\n","protected":false},"excerpt":{"rendered":"<p>Este lunes, Milei tiene previsto participar a partir de las 11.30 del Congreso Americano de la Federaci\u00f3n Internacional del Autom\u00f3vil<\/p>\n","protected":false},"author":1,"featured_media":33772,"comment_status":"closed","ping_status":"closed","sticky":false,"template":"","format":"standard","meta":{"footnotes":"","jetpack_publicize_message":"","jetpack_publicize_feature_enabled":true,"jetpack_social_post_already_shared":true,"jetpack_social_options":{"image_generator_settings":{"template":"highway","enabled":false},"version":2}},"categories":[12],"tags":[],"class_list":["post-34526","post","type-post","status-publish","format-standard","has-post-thumbnail","hentry","category-politica"],"jetpack_publicize_connections":[],"_links":{"self":[{"href":"https:\/\/diariorepublica.com.ar\/web\/index.php\/wp-json\/wp\/v2\/posts\/34526"}],"collection":[{"href":"https:\/\/diariorepublica.com.ar\/web\/index.php\/wp-json\/wp\/v2\/posts"}],"about":[{"href":"https:\/\/diariorepublica.com.ar\/web\/index.php\/wp-json\/wp\/v2\/types\/post"}],"author":[{"embeddable":true,"href":"https:\/\/diariorepublica.com.ar\/web\/index.php\/wp-json\/wp\/v2\/users\/1"}],"replies":[{"embeddable":true,"href":"https:\/\/diariorepublica.com.ar\/web\/index.php\/wp-json\/wp\/v2\/comments?post=34526"}],"version-history":[{"count":1,"href":"https:\/\/diariorepublica.com.ar\/web\/index.php\/wp-json\/wp\/v2\/posts\/34526\/revisions"}],"predecessor-version":[{"id":34527,"href":"https:\/\/diariorepublica.com.ar\/web\/index.php\/wp-json\/wp\/v2\/posts\/34526\/revisions\/34527"}],"wp:featuredmedia":[{"embeddable":true,"href":"https:\/\/diariorepublica.com.ar\/web\/index.php\/wp-json\/wp\/v2\/media\/33772"}],"wp:attachment":[{"href":"https:\/\/diariorepublica.com.ar\/web\/index.php\/wp-json\/wp\/v2\/media?parent=34526"}],"wp:term":[{"taxonomy":"category","embeddable":true,"href":"https:\/\/diariorepublica.com.ar\/web\/index.php\/wp-json\/wp\/v2\/categories?post=34526"},{"taxonomy":"post_tag","embeddable":true,"href":"https:\/\/diariorepublica.com.ar\/web\/index.php\/wp-json\/wp\/v2\/tags?post=34526"}],"curies":[{"name":"wp","href":"https:\/\/api.w.org\/{rel}","templated":true}]}}