{"id":34531,"date":"2026-08-31T08:38:57","date_gmt":"2026-08-31T11:38:57","guid":{"rendered":"https:\/\/diariorepublica.com.ar\/web\/?p=34531"},"modified":"2026-08-31T08:38:58","modified_gmt":"2026-08-31T11:38:58","slug":"reaparecio-nicolas-maduro-las-fotos-que-compartio-desde-la-carcel-en-ee-uu","status":"publish","type":"post","link":"https:\/\/diariorepublica.com.ar\/web\/index.php\/internacionales\/2026\/08\/31\/reaparecio-nicolas-maduro-las-fotos-que-compartio-desde-la-carcel-en-ee-uu\/","title":{"rendered":"Reapareci\u00f3 Nicol\u00e1s Maduro: las fotos que comparti\u00f3 desde la c\u00e1rcel en EE.UU."},"content":{"rendered":"<article id=\"article-post\" class=\"first\">\n<div class=\"cuerpo\" data-twitter-link=\"https:\/\/twitter.com\/intent\/tweet?url=https:\/\/www.diariopopular.com.ar\/c917323&amp;via=poopulardiario&amp;related=Popular&amp;text=\">\n<p id=\"p-1788108528356-21753\">La cuenta oficial de\u00a0<strong>Nicol\u00e1s Maduro<\/strong>\u00a0en la red social X public\u00f3 este domingo\u00a0<strong>nuevas im\u00e1genes del expresidente venezolano durante su detenci\u00f3n en una c\u00e1rcel de Nueva York<\/strong>, con aspecto animado y como un \u00abpeque\u00f1o regalo de amor y esperanza\u00bb para su familia en particular.<\/p>\n<\/div>\n<\/article>\n<article id=\"article-post\">\n<div class=\"cuerpo\" data-twitter-link=\"#TWEMBEDLINK#\">\n<p id=\"p-1788108528356-69316\">\u00ab<strong>Env\u00edo estas fotos como un peque\u00f1o regalo a todos mis nietos y nietas, a los ni\u00f1os y ni\u00f1as, y a toda la gente noble que nos ama\u00bb<\/strong>, reza uno de los mensajes del exl\u00edder chavista,\u00a0<strong>capturado por Estados Unidos en enero de este a\u00f1o tras una operaci\u00f3n militar en Caracas<\/strong>\u00a0y trasladado a una c\u00e1rcel neoyorquina mientras es juzgado por narcoterrorismo, conspiraci\u00f3n para importar coca\u00edna y posesi\u00f3n de armas de guerra.<\/p>\n<\/div>\n<\/article>\n<article id=\"article-post\">\n<div class=\"cuerpo\" data-twitter-link=\"#TWEMBEDLINK#\">\n<p id=\"p-1788108636890-49174\"><strong>\u00abQuiero que sepan que estamos firmes<\/strong>, con el coraz\u00f3n lleno del amor de ustedes, ese amor que nos llega convertido en oraci\u00f3n, en acci\u00f3n permanente, en solidaridad y en apoyo verdadero.\u00a0<strong>Gracias infinitas por cada palabra, por cada gesto, por cada bendici\u00f3n\u00bb<\/strong>, sum\u00f3 Maduro en sus mensajes que acompa\u00f1an a las fotos. Todas las im\u00e1genes tienen fecha del 25 de junio de 2026.<\/p>\n<\/div>\n<\/article>\n<article id=\"article-post\">\n<div class=\"cuerpo\" data-twitter-link=\"#TWEMBEDLINK#\">\n<p id=\"p-1788108636890-62311\"><strong>\u00abCilia y yo los abrazamos por siempre<\/strong>, con el alma puesta en ustedes y con la fe intacta en Dios. Dios proveer\u00e1.\u00a0<strong>Venezuela renacer\u00e1\u00bb<\/strong>, concluy\u00f3.<\/p>\n<\/div>\n<\/article>\n<article id=\"article-post\">\n<div class=\"cuerpo\" data-twitter-link=\"#TWEMBEDLINK#\">\n<div id=\"embed69_wrap\" class=\"embed_cont type_freetext\" contenteditable=\"false\">\n<div id=\"embed69_content\" class=\"embed_content\">\n<div id=\"embed69_embed\">\n<div class=\"twitter-tweet twitter-tweet-rendered\"><iframe id=\"twitter-widget-0\" class=\"\" title=\"X Post\" src=\"https:\/\/platform.twitter.com\/embed\/Tweet.html?creatorScreenName=diariopopular&amp;dnt=false&amp;embedId=twitter-widget-0&amp;features=eyJ0ZndfdGltZWxpbmVfbGlzdCI6eyJidWNrZXQiOltdLCJ2ZXJzaW9uIjpudWxsfSwidGZ3X2ZvbGxvd2VyX2NvdW50X3N1bnNldCI6eyJidWNrZXQiOnRydWUsInZlcnNpb24iOm51bGx9LCJ0ZndfdHdlZXRfZWRpdF9iYWNrZW5kIjp7ImJ1Y2tldCI6Im9uIiwidmVyc2lvbiI6bnVsbH0sInRmd19yZWZzcmNfc2Vzc2lvbiI6eyJidWNrZXQiOiJvbiIsInZlcnNpb24iOm51bGx9LCJ0ZndfZm9zbnJfc29mdF9pbnRlcnZlbnRpb25zX2VuYWJsZWQiOnsiYnVja2V0Ijoib24iLCJ2ZXJzaW9uIjpudWxsfSwidGZ3X21peGVkX21lZGlhXzE1ODk3Ijp7ImJ1Y2tldCI6InRyZWF0bWVudCIsInZlcnNpb24iOm51bGx9LCJ0ZndfZXhwZXJpbWVudHNfY29va2llX2V4cGlyYXRpb24iOnsiYnVja2V0IjoxMjA5NjAwLCJ2ZXJzaW9uIjpudWxsfSwidGZ3X3Nob3dfYmlyZHdhdGNoX3Bpdm90c19lbmFibGVkIjp7ImJ1Y2tldCI6Im9uIiwidmVyc2lvbiI6bnVsbH0sInRmd19kdXBsaWNhdGVfc2NyaWJlc190b19zZXR0aW5ncyI6eyJidWNrZXQiOiJvbiIsInZlcnNpb24iOm51bGx9LCJ0ZndfdXNlX3Byb2ZpbGVfaW1hZ2Vfc2hhcGVfZW5hYmxlZCI6eyJidWNrZXQiOiJvbiIsInZlcnNpb24iOm51bGx9LCJ0ZndfdmlkZW9faGxzX2R5bmFtaWNfbWFuaWZlc3RzXzE1MDgyIjp7ImJ1Y2tldCI6InRydWVfYml0cmF0ZSIsInZlcnNpb24iOm51bGx9LCJ0ZndfbGVnYWN5X3RpbWVsaW5lX3N1bnNldCI6eyJidWNrZXQiOnRydWUsInZlcnNpb24iOm51bGx9LCJ0ZndfdHdlZXRfZWRpdF9mcm9udGVuZCI6eyJidWNrZXQiOiJvbiIsInZlcnNpb24iOm51bGx9fQ%3D%3D&amp;frame=false&amp;hideCard=false&amp;hideThread=false&amp;id=2094048874381938718&amp;lang=en&amp;origin=https%3A%2F%2Fwww.diariopopular.com.ar%2Finternacionales%2Freaparecio-nicolas-maduro-las-fotos-que-compartio-la-carcel-eeuu-n917323&amp;sessionId=7a50d51ace7f36f245d2125d25298a21163f34b7&amp;siteScreenName=diariopopular&amp;theme=light&amp;widgetsVersion=6a3ad42b224df%3A1778106238597&amp;width=550px\" frameborder=\"0\" scrolling=\"no\" allowfullscreen=\"allowfullscreen\" data-tweet-id=\"2094048874381938718\" data-gtm-yt-inspected-13=\"true\" data-mce-fragment=\"1\"><\/iframe><\/div>\n<\/div>\n<\/div>\n<div id=\"p-1788112018299-36211\" class=\"embed_wrapper-cont\">\n<div id=\"embed69_epigrafe\" class=\"embed_epigrafe\"><\/div>\n<div id=\"embed69_copyright\" class=\"embed_copyright\"><\/div>\n<\/div>\n<\/div>\n<p id=\"p-1788111946861-81216\">\n<p id=\"p-1788108727421-41295\">La reaparici\u00f3n de Maduro en las redes se produjo horas despu\u00e9s de que el presidente estadounidense, Donald Trump, anunciara\u00a0<strong>la adquisici\u00f3n del \u00abcontrol mayoritario\u00bb de una quinta parte de las reservas de petr\u00f3leo de Venezuela<\/strong>, tras la firma del \u00abmayor acuerdo petrolera de la historia mundial\u00bb con el gobierno interino de ese pa\u00eds.<\/p>\n<p id=\"p-1788109264044-53922\">El exl\u00edder chavista y su esposa permanecen r<strong>ecluidos en el Centro de Detenci\u00f3n Metropolitano de Brooklyn<\/strong>\u00a0desde principios de enero.<\/p>\n<p id=\"p-1788109264044-33637\">D\u00edas despu\u00e9s de la detenci\u00f3n, Nicol\u00e1s Maduro Guerra, \u00abNicolasito\u00bb, hijo del presidente depuesto, hab\u00eda dado a conocer el primer mensaje de su padre desde la c\u00e1rcel.\u00a0<strong>\u00abDijo que no estemos tristes, que \u2018nosotros estamos bien, somos unos luchadores\u2019\u00bb<\/strong>, afirm\u00f3 en un acto. Y luego, recalc\u00f3:\u00a0<strong>\u00abUn hombre que no pudieron vencer por ninguna v\u00eda y tuvieron que usar una fuerza desproporcionada, pero no lo vencieron. \u00c9l est\u00e1 fuerte\u00bb<\/strong>, recalc\u00f3.<\/p>\n<\/div>\n<\/article>\n","protected":false},"excerpt":{"rendered":"<p>La cuenta oficial de\u00a0Nicol\u00e1s Maduro\u00a0en la red social X public\u00f3 este domingo\u00a0nuevas im\u00e1genes del expresidente venezolano durante su detenci\u00f3n en<\/p>\n","protected":false},"author":1,"featured_media":34532,"comment_status":"closed","ping_status":"closed","sticky":false,"template":"","format":"standard","meta":{"footnotes":"","jetpack_publicize_message":"","jetpack_publicize_feature_enabled":true,"jetpack_social_post_already_shared":true,"jetpack_social_options":{"image_generator_settings":{"template":"highway","enabled":false},"version":2}},"categories":[6],"tags":[],"class_list":["post-34531","post","type-post","status-publish","format-standard","has-post-thumbnail","hentry","category-internacionales"],"jetpack_publicize_connections":[],"_links":{"self":[{"href":"https:\/\/diariorepublica.com.ar\/web\/index.php\/wp-json\/wp\/v2\/posts\/34531"}],"collection":[{"href":"https:\/\/diariorepublica.com.ar\/web\/index.php\/wp-json\/wp\/v2\/posts"}],"about":[{"href":"https:\/\/diariorepublica.com.ar\/web\/index.php\/wp-json\/wp\/v2\/types\/post"}],"author":[{"embeddable":true,"href":"https:\/\/diariorepublica.com.ar\/web\/index.php\/wp-json\/wp\/v2\/users\/1"}],"replies":[{"embeddable":true,"href":"https:\/\/diariorepublica.com.ar\/web\/index.php\/wp-json\/wp\/v2\/comments?post=34531"}],"version-history":[{"count":1,"href":"https:\/\/diariorepublica.com.ar\/web\/index.php\/wp-json\/wp\/v2\/posts\/34531\/revisions"}],"predecessor-version":[{"id":34533,"href":"https:\/\/diariorepublica.com.ar\/web\/index.php\/wp-json\/wp\/v2\/posts\/34531\/revisions\/34533"}],"wp:featuredmedia":[{"embeddable":true,"href":"https:\/\/diariorepublica.com.ar\/web\/index.php\/wp-json\/wp\/v2\/media\/34532"}],"wp:attachment":[{"href":"https:\/\/diariorepublica.com.ar\/web\/index.php\/wp-json\/wp\/v2\/media?parent=34531"}],"wp:term":[{"taxonomy":"category","embeddable":true,"href":"https:\/\/diariorepublica.com.ar\/web\/index.php\/wp-json\/wp\/v2\/categories?post=34531"},{"taxonomy":"post_tag","embeddable":true,"href":"https:\/\/diariorepublica.com.ar\/web\/index.php\/wp-json\/wp\/v2\/tags?post=34531"}],"curies":[{"name":"wp","href":"https:\/\/api.w.org\/{rel}","templated":true}]}}