{"id":34534,"date":"2026-08-31T08:40:18","date_gmt":"2026-08-31T11:40:18","guid":{"rendered":"https:\/\/diariorepublica.com.ar\/web\/?p=34534"},"modified":"2026-08-31T08:40:20","modified_gmt":"2026-08-31T11:40:20","slug":"marcelo-gallardo-se-convertiria-en-entrenador-de-la-seleccion-de-ecuador","status":"publish","type":"post","link":"https:\/\/diariorepublica.com.ar\/web\/index.php\/deportes\/2026\/08\/31\/marcelo-gallardo-se-convertiria-en-entrenador-de-la-seleccion-de-ecuador\/","title":{"rendered":"Marcelo Gallardo se convertir\u00eda en entrenador de la Selecci\u00f3n de Ecuador"},"content":{"rendered":"<article id=\"article-post\" class=\"first\">\n<div class=\"cuerpo\" data-twitter-link=\"https:\/\/twitter.com\/intent\/tweet?url=https:\/\/www.diariopopular.com.ar\/c917343&amp;via=poopulardiario&amp;related=Popular&amp;text=\">\n<p id=\"p-1788133352018-94440\"><strong>Marcelo Gallardo se convertir\u00eda en entrenador de la Selecci\u00f3n de Ecuador.\u00a0<\/strong>El t\u00e9cnico argentino, quien estuvo varios meses de inactividad despu\u00e9s de su segundo ciclo en River, reemplazar\u00e1 a Sebasti\u00e1n Beccacece, quien dej\u00f3 el cargo despu\u00e9s de la \u00faltima Copa del Mundo.<\/p>\n<\/div>\n<\/article>\n<article id=\"article-post\">\n<div class=\"cuerpo\" data-twitter-link=\"#TWEMBEDLINK#\">\n<p id=\"p-1788134094125-80471\"><strong>El Mu\u00f1eco viajar\u00e1 la pr\u00f3xima semana a Quito para firmar con la Federaci\u00f3n y empezar su primera experiencia en un combinado nacional.\u00a0<\/strong>Tras su debut como entrenador en Nacional en 2011, el argentino se hizo cargo del banco del Millonario en junio de 2014 y se convirti\u00f3 en el t\u00e9cnico m\u00e1s ganador de la historia del club. Durante su primera etapa en N\u00fa\u00f1ez, la cual dur\u00f3 m\u00e1s de ocho a\u00f1os, conquist\u00f3 14 trofeos (siete locales y siete internacionales), entre ellos dos Copas Libertadores, sumado a las recordadas eliminaciones a Boca.<\/p>\n<\/div>\n<\/article>\n<article id=\"article-post\">\n<div class=\"cuerpo\" data-twitter-link=\"#TWEMBEDLINK#\">\n<p id=\"p-1788133051876-39556\">Tras su salida del equipo de sus amores,\u00a0<strong>Gallardo tuvo una breve etapa en el f\u00fatbol \u00e1rabe como DT del Al-Ittihad y regres\u00f3 a River en agosto de 2024.<\/strong>\u00a0Sin embargo,<strong>\u00a0su segundo ciclo estuvo lejos de las expectativas generadas<\/strong>, no levant\u00f3 ning\u00fan t\u00edtulo y se despidi\u00f3 tras la victoria 3 a 1 ante Banfield en el Monumental en febrero. \u00abUno se va, pero no se va nunca\u00bb, coment\u00f3.<\/p>\n<article id=\"article-post\">\n<div class=\"cuerpo\" data-twitter-link=\"#TWEMBEDLINK#\">\n<p id=\"p-1788133051877-61469\"><strong>Ecuador vuelve a apostar por un entrenador argentino de cara a la Copa del Mundo 2030<\/strong>. Vale la pena recordar que Beccacece dirigi\u00f3 a la Tricolor en la \u00faltima m\u00e1xima cita, en la cual cay\u00f3 ante M\u00e9xico en 16vos de final, pero<strong>\u00a0logr\u00f3 un hist\u00f3rico triunfo ante Alemania en fase de grupos.\u00a0<\/strong>Previamente, el tambi\u00e9n argentino Gustavo Alfaro hab\u00eda estado al frente del seleccionado sudamericano en Qatar 2022, aunque no logr\u00f3 superar la fase de grupos.<\/p>\n<\/div>\n<\/article>\n<article id=\"article-post\">\n<div class=\"cuerpo\" data-twitter-link=\"#TWEMBEDLINK#\">\n<p id=\"p-1788133119155-68457\">Con la Copa Am\u00e9rica 2028 y la clasificaci\u00f3n a la pr\u00f3xima Copa del Mundo como objetivos principales en el horizonte,\u00a0<strong>Gallardo contar\u00eda con menos de un mes para preparar su debut en la pr\u00f3xima fecha FIFA de septiembre.<\/strong>\u00a0En un seleccionado que cuenta con figuras como el volante del Chelsea Mo\u00edses Caicedo, el defensor del Arsenal Piero Hincapi\u00e9, el zaguero central del PSG William Pacho o el delantero del Dinamo Mosc\u00fa Gonzalo Plata,\u00a0<strong>el Mu\u00f1eco est\u00e1 ante la oportunidad de relanzar su carrera como entrenador\u00a0<\/strong>y volver a ocupar la primera plana del f\u00fatbol sudamericano.<\/p>\n<\/div>\n<\/article>\n<\/div>\n<\/article>\n","protected":false},"excerpt":{"rendered":"<p>Marcelo Gallardo se convertir\u00eda en entrenador de la Selecci\u00f3n de Ecuador.\u00a0El t\u00e9cnico argentino, quien estuvo varios meses de inactividad despu\u00e9s<\/p>\n","protected":false},"author":1,"featured_media":34535,"comment_status":"closed","ping_status":"closed","sticky":false,"template":"","format":"standard","meta":{"footnotes":"","jetpack_publicize_message":"","jetpack_publicize_feature_enabled":true,"jetpack_social_post_already_shared":true,"jetpack_social_options":{"image_generator_settings":{"template":"highway","enabled":false},"version":2}},"categories":[9],"tags":[],"class_list":["post-34534","post","type-post","status-publish","format-standard","has-post-thumbnail","hentry","category-deportes"],"jetpack_publicize_connections":[],"_links":{"self":[{"href":"https:\/\/diariorepublica.com.ar\/web\/index.php\/wp-json\/wp\/v2\/posts\/34534"}],"collection":[{"href":"https:\/\/diariorepublica.com.ar\/web\/index.php\/wp-json\/wp\/v2\/posts"}],"about":[{"href":"https:\/\/diariorepublica.com.ar\/web\/index.php\/wp-json\/wp\/v2\/types\/post"}],"author":[{"embeddable":true,"href":"https:\/\/diariorepublica.com.ar\/web\/index.php\/wp-json\/wp\/v2\/users\/1"}],"replies":[{"embeddable":true,"href":"https:\/\/diariorepublica.com.ar\/web\/index.php\/wp-json\/wp\/v2\/comments?post=34534"}],"version-history":[{"count":1,"href":"https:\/\/diariorepublica.com.ar\/web\/index.php\/wp-json\/wp\/v2\/posts\/34534\/revisions"}],"predecessor-version":[{"id":34536,"href":"https:\/\/diariorepublica.com.ar\/web\/index.php\/wp-json\/wp\/v2\/posts\/34534\/revisions\/34536"}],"wp:featuredmedia":[{"embeddable":true,"href":"https:\/\/diariorepublica.com.ar\/web\/index.php\/wp-json\/wp\/v2\/media\/34535"}],"wp:attachment":[{"href":"https:\/\/diariorepublica.com.ar\/web\/index.php\/wp-json\/wp\/v2\/media?parent=34534"}],"wp:term":[{"taxonomy":"category","embeddable":true,"href":"https:\/\/diariorepublica.com.ar\/web\/index.php\/wp-json\/wp\/v2\/categories?post=34534"},{"taxonomy":"post_tag","embeddable":true,"href":"https:\/\/diariorepublica.com.ar\/web\/index.php\/wp-json\/wp\/v2\/tags?post=34534"}],"curies":[{"name":"wp","href":"https:\/\/api.w.org\/{rel}","templated":true}]}}