{"id":34546,"date":"2026-08-31T08:52:40","date_gmt":"2026-08-31T11:52:40","guid":{"rendered":"https:\/\/diariorepublica.com.ar\/web\/?p=34546"},"modified":"2026-08-31T08:52:42","modified_gmt":"2026-08-31T11:52:42","slug":"nepal-la-cifra-de-muertos-asciende-a-mas-de-900-tras-el-colapso-glaciar","status":"publish","type":"post","link":"https:\/\/diariorepublica.com.ar\/web\/index.php\/internacionales\/2026\/08\/31\/nepal-la-cifra-de-muertos-asciende-a-mas-de-900-tras-el-colapso-glaciar\/","title":{"rendered":"Nepal: la cifra de muertos asciende a m\u00e1s de 900 tras el colapso glaciar"},"content":{"rendered":"<p>El n\u00famero de muertos por el devastador\u00a0<strong>alud de lodo<\/strong>\u00a0ocurrido en\u00a0<strong>Nepal\u00a0<\/strong>el pasado mi\u00e9rcoles ascendi\u00f3 a\u00a0<strong>903,<\/strong>\u00a0seg\u00fan la \u00faltima informaci\u00f3n brindada por la Autoridad Nacional de Reducci\u00f3n y Gesti\u00f3n del Riesgo de Desastres, mientras que\u00a0<strong>4.247 personas a\u00fan permanecen desaparecidas.<\/strong><\/p>\n<p>En las operaciones de b\u00fasqueda, rescate y asistencia trabajan 20.819 efectivos de seguridad, inform\u00f3 dicha autoridad sobre el desastre que adem\u00e1s dej\u00f3 un total de\u00a0<strong>267 heridos.<\/strong><\/p>\n<p>En ese contexto, mientras se aceleran los esfuerzos de rescate y alivio luego de que el\u00a0<strong>colapso glaciar\u00a0<\/strong>tambi\u00e9n afectara al puerto de\u00a0<strong>Gyirong<\/strong>, en la frontera China-Nepal, el Ministerio de Recursos Naturales y la Administraci\u00f3n Meteorol\u00f3gica de China emitieron de manera conjunta una\u00a0<strong>alerta amarilla<\/strong>\u00a0por riesgo de desastres geol\u00f3gicos, el tercero de los cuatro niveles en el sistema de alerta de China.<\/p>\n<p>Esta alerta advierte sobre\u00a0<strong>riesgos relativamente altos en partes del sur de Xizang<\/strong>, que incluye a la zona de Gyirong, hasta las 20 (hora local) del lunes.<\/p>\n<p>La emergencia comienza a abrir un nuevo frente sanitario debido a la\u00a0<strong>escasez de agua potable y al riesgo de contaminaci\u00f3n de las fuentes de abastecimiento.<\/strong><\/p>\n<p>En ese sentido, en las zonas que permanecen incomunicadas, los<strong>\u00a0da\u00f1os en las redes de distribuci\u00f3n y la posible contaminaci\u00f3n de las fuentes de agua<\/strong>\u00a0generan preocupaci\u00f3n por la aparici\u00f3n de<strong>\u00a0enfermedades<\/strong>, report\u00f3 la agencia ANSA.<\/p>\n<p>La magnitud de la cat\u00e1strofe dej\u00f3\u00a0<strong>comunidades sin acceso regular a agua limpia para beber y para las necesidades b\u00e1sicas de higiene<\/strong>, mientras los equipos de emergencia intentan restablecer las comunicaciones y el suministro de servicios esenciales.<\/p>\n","protected":false},"excerpt":{"rendered":"<p>El n\u00famero de muertos por el devastador\u00a0alud de lodo\u00a0ocurrido en\u00a0Nepal\u00a0el pasado mi\u00e9rcoles ascendi\u00f3 a\u00a0903,\u00a0seg\u00fan la \u00faltima informaci\u00f3n brindada por la<\/p>\n","protected":false},"author":1,"featured_media":34547,"comment_status":"closed","ping_status":"closed","sticky":false,"template":"","format":"standard","meta":{"footnotes":"","jetpack_publicize_message":"","jetpack_publicize_feature_enabled":true,"jetpack_social_post_already_shared":true,"jetpack_social_options":{"image_generator_settings":{"template":"highway","enabled":false},"version":2}},"categories":[6],"tags":[],"class_list":["post-34546","post","type-post","status-publish","format-standard","has-post-thumbnail","hentry","category-internacionales"],"jetpack_publicize_connections":[],"_links":{"self":[{"href":"https:\/\/diariorepublica.com.ar\/web\/index.php\/wp-json\/wp\/v2\/posts\/34546"}],"collection":[{"href":"https:\/\/diariorepublica.com.ar\/web\/index.php\/wp-json\/wp\/v2\/posts"}],"about":[{"href":"https:\/\/diariorepublica.com.ar\/web\/index.php\/wp-json\/wp\/v2\/types\/post"}],"author":[{"embeddable":true,"href":"https:\/\/diariorepublica.com.ar\/web\/index.php\/wp-json\/wp\/v2\/users\/1"}],"replies":[{"embeddable":true,"href":"https:\/\/diariorepublica.com.ar\/web\/index.php\/wp-json\/wp\/v2\/comments?post=34546"}],"version-history":[{"count":1,"href":"https:\/\/diariorepublica.com.ar\/web\/index.php\/wp-json\/wp\/v2\/posts\/34546\/revisions"}],"predecessor-version":[{"id":34548,"href":"https:\/\/diariorepublica.com.ar\/web\/index.php\/wp-json\/wp\/v2\/posts\/34546\/revisions\/34548"}],"wp:featuredmedia":[{"embeddable":true,"href":"https:\/\/diariorepublica.com.ar\/web\/index.php\/wp-json\/wp\/v2\/media\/34547"}],"wp:attachment":[{"href":"https:\/\/diariorepublica.com.ar\/web\/index.php\/wp-json\/wp\/v2\/media?parent=34546"}],"wp:term":[{"taxonomy":"category","embeddable":true,"href":"https:\/\/diariorepublica.com.ar\/web\/index.php\/wp-json\/wp\/v2\/categories?post=34546"},{"taxonomy":"post_tag","embeddable":true,"href":"https:\/\/diariorepublica.com.ar\/web\/index.php\/wp-json\/wp\/v2\/tags?post=34546"}],"curies":[{"name":"wp","href":"https:\/\/api.w.org\/{rel}","templated":true}]}}