{"id":34555,"date":"2026-08-31T10:04:09","date_gmt":"2026-08-31T13:04:09","guid":{"rendered":"https:\/\/diariorepublica.com.ar\/web\/?p=34555"},"modified":"2026-08-31T10:04:12","modified_gmt":"2026-08-31T13:04:12","slug":"boca-vendio-a-zeballos-al-monza-de-italia","status":"publish","type":"post","link":"https:\/\/diariorepublica.com.ar\/web\/index.php\/deportes\/2026\/08\/31\/boca-vendio-a-zeballos-al-monza-de-italia\/","title":{"rendered":"Boca vendi\u00f3 a Zeballos al Monza, de Italia"},"content":{"rendered":"<p><b>Boca concret\u00f3 la venta de Exequiel Zeballos al Monza<\/b>, de Italia. La operaci\u00f3n se cerrar\u00e1 a cambio de alrededor de\u00a0<b>cinco millones de d\u00f3lares y el 40% de una futura venta.\u00a0<\/b>El Changuito ya viaja a Europa para sumarse al equipo reci\u00e9n ascendido.<\/p>\n<p>Luego de las negociaciones con Napoli\u00a0y de que\u00a0Parma se metiera con fuerza a \u00faltima hora en la pelea\u00a0por el santiague\u00f1o, fue finalmente el equipo dirigido por el croata Ivan Juric el que aceler\u00f3 y se asegur\u00f3 la contrataci\u00f3n del delantero de 24 a\u00f1os.<\/p>\n<p>A contrarreloj por el\u00a0<b>inminente cierre del libro de pases en Europa<\/b>\u00a0y por la\u00a0<b>finalizaci\u00f3n del contrato del jugador en diciembre de este a\u00f1o<\/b>, la dirigencia comandada por Juan Rom\u00e1n Riquelme termin\u00f3 por aceptar condiciones inferiores a las pretendidas originalmente, que estaban m\u00e1s cercanas a los 15 millones de d\u00f3lares de la cl\u00e1usula de rescisi\u00f3n.<\/p>\n<p>La de Zeballos era una salida cantada. Desde mediados de a\u00f1o, cuando ya se sab\u00eda que no iba a haber renovaci\u00f3n de contrato, en Boca se volvi\u00f3 una de las prioridades poder concretar una venta. Por la edad y el enorme potencial del Changuito,\u00a0<b>la cifra de cinco millones acordada con Monza puede parecer exigua<\/b>, pero se\u00a0<b>podr\u00eda compensar con el 40% de una futura venta<\/b>.<\/p>\n<p><b>El Changuito se va de Boca luego de casi seis a\u00f1os<\/b>\u00a0en Primera Divisi\u00f3n (debut\u00f3 en noviembre de 2020, con 18), per\u00edodo en el que\u00a0<b>disput\u00f3 140 partidos, marc\u00f3 16 goles y gan\u00f3 cinco t\u00edtulos<\/b>. Las lesiones le impidieron desarrollar todo su potencial, pero deja una buena imagen y una relaci\u00f3n de cari\u00f1o con la gente.<\/p>\n","protected":false},"excerpt":{"rendered":"<p>Boca concret\u00f3 la venta de Exequiel Zeballos al Monza, de Italia. La operaci\u00f3n se cerrar\u00e1 a cambio de alrededor de\u00a0cinco<\/p>\n","protected":false},"author":1,"featured_media":34556,"comment_status":"closed","ping_status":"closed","sticky":false,"template":"","format":"standard","meta":{"footnotes":"","jetpack_publicize_message":"","jetpack_publicize_feature_enabled":true,"jetpack_social_post_already_shared":true,"jetpack_social_options":{"image_generator_settings":{"template":"highway","enabled":false},"version":2}},"categories":[9],"tags":[],"class_list":["post-34555","post","type-post","status-publish","format-standard","has-post-thumbnail","hentry","category-deportes"],"jetpack_publicize_connections":[],"_links":{"self":[{"href":"https:\/\/diariorepublica.com.ar\/web\/index.php\/wp-json\/wp\/v2\/posts\/34555"}],"collection":[{"href":"https:\/\/diariorepublica.com.ar\/web\/index.php\/wp-json\/wp\/v2\/posts"}],"about":[{"href":"https:\/\/diariorepublica.com.ar\/web\/index.php\/wp-json\/wp\/v2\/types\/post"}],"author":[{"embeddable":true,"href":"https:\/\/diariorepublica.com.ar\/web\/index.php\/wp-json\/wp\/v2\/users\/1"}],"replies":[{"embeddable":true,"href":"https:\/\/diariorepublica.com.ar\/web\/index.php\/wp-json\/wp\/v2\/comments?post=34555"}],"version-history":[{"count":1,"href":"https:\/\/diariorepublica.com.ar\/web\/index.php\/wp-json\/wp\/v2\/posts\/34555\/revisions"}],"predecessor-version":[{"id":34557,"href":"https:\/\/diariorepublica.com.ar\/web\/index.php\/wp-json\/wp\/v2\/posts\/34555\/revisions\/34557"}],"wp:featuredmedia":[{"embeddable":true,"href":"https:\/\/diariorepublica.com.ar\/web\/index.php\/wp-json\/wp\/v2\/media\/34556"}],"wp:attachment":[{"href":"https:\/\/diariorepublica.com.ar\/web\/index.php\/wp-json\/wp\/v2\/media?parent=34555"}],"wp:term":[{"taxonomy":"category","embeddable":true,"href":"https:\/\/diariorepublica.com.ar\/web\/index.php\/wp-json\/wp\/v2\/categories?post=34555"},{"taxonomy":"post_tag","embeddable":true,"href":"https:\/\/diariorepublica.com.ar\/web\/index.php\/wp-json\/wp\/v2\/tags?post=34555"}],"curies":[{"name":"wp","href":"https:\/\/api.w.org\/{rel}","templated":true}]}}