{"id":34561,"date":"2026-08-31T12:15:39","date_gmt":"2026-08-31T15:15:39","guid":{"rendered":"https:\/\/diariorepublica.com.ar\/web\/?p=34561"},"modified":"2026-08-31T12:15:41","modified_gmt":"2026-08-31T15:15:41","slug":"el-instituto-municipal-de-emprendedores-lanzo-su-nueva-plataforma-de-registro-unico-y-mapeo-estrategico","status":"publish","type":"post","link":"https:\/\/diariorepublica.com.ar\/web\/index.php\/locales\/2026\/08\/31\/el-instituto-municipal-de-emprendedores-lanzo-su-nueva-plataforma-de-registro-unico-y-mapeo-estrategico\/","title":{"rendered":"El Instituto Municipal de Emprendedores lanz\u00f3 su nueva plataforma de Registro \u00danico y mapeo estrat\u00e9gico"},"content":{"rendered":"<p dir=\"ltr\">La Municipalidad de la Capital, a trav\u00e9s del Instituto Municipal de Emprendedores (IME), lanz\u00f3 su plataforma digital de Registro \u00danico. Esta iniciativa fue concebida como un ecosistema centralizado e interactivo dise\u00f1ado para simplificar el acceso a recursos, capacitaciones y financiamiento, permitiendo a los trabajadores independientes gestionar su informaci\u00f3n de manera directa y facilitando al municipio la obtenci\u00f3n de indicadores precisos para la planificaci\u00f3n de pol\u00edticas p\u00fablicas.<\/p>\n<p dir=\"ltr\">El dispositivo digital invita a los usuarios a realizar una autocarga \u00e1gil de sus datos y se estructura sobre tres pilares esenciales: una ficha personal georreferenciada con el nivel de formaci\u00f3n del solicitante; un m\u00f3dulo espec\u00edfico para dar de alta uno o varios proyectos comerciales; y un banco integral de herramientas que nuclea programas crediticios, asistencias t\u00e9cnicas, talleres y convocatorias impulsadas tanto por organismos p\u00fablicos como por el sector privado y organizaciones del tercer sector.<\/p>\n<p dir=\"ltr\">Al respecto, el gerente general del IME, Cristian Ruiz, detall\u00f3 el funcionamiento y la trascendencia del sistema se\u00f1alando: \u00abLa plataforma est\u00e1 dise\u00f1ada en tres grandes bloques: el primero concentra el perfil del emprendedor; el segundo re\u00fane los datos espec\u00edficos del emprendimiento \u2014entendiendo que una persona puede liderar m\u00faltiples proyectos productivos\u2014; y una tercera columna que nuclea todos los instrumentos de acompa\u00f1amiento, ya sean l\u00edneas de financiamiento, capacitaciones o eventos promovidos por el municipio, la provincia o el sector privado\u00bb.<\/p>\n<p dir=\"ltr\">Asimismo, el funcionario remarc\u00f3: \u00abEl prop\u00f3sito de la plataforma es funcionar como un puente directo entre el emprendedor y las herramientas disponibles, permiti\u00e9ndonos al mismo tiempo consolidar un registro formal para mapear y geolocalizar a todas las unidades productivas que existen en la Capital\u00bb.<\/p>\n<p dir=\"ltr\">Los interesados en incorporarse a este padr\u00f3n productivo y acceder a los beneficios ya pueden registrarse ingresando a la plataforma web oficial (<a href=\"https:\/\/emprendedores.cc.gob.ar\/\" target=\"_blank\" rel=\"noopener\" data-saferedirecturl=\"https:\/\/www.google.com\/url?q=https:\/\/emprendedores.cc.gob.ar\/&amp;source=gmail&amp;ust=1788274285313000&amp;usg=AOvVaw0B4yLV-Y2z2i_LWSOsoJJb\">https:\/\/emprendedores.cc.gob.<wbr \/>ar\/<\/a>). Con esta puesta en marcha, el municipio capitalino contin\u00faa fomentando el empleo local, apostando a la digitalizaci\u00f3n para democratizar las oportunidades y fortalecer una red colaborativa capaz de potenciar el talento en toda la ciudad.<\/p>\n","protected":false},"excerpt":{"rendered":"<p>La Municipalidad de la Capital, a trav\u00e9s del Instituto Municipal de Emprendedores (IME), lanz\u00f3 su plataforma digital de Registro \u00danico.<\/p>\n","protected":false},"author":1,"featured_media":34562,"comment_status":"closed","ping_status":"closed","sticky":false,"template":"","format":"standard","meta":{"footnotes":"","jetpack_publicize_message":"","jetpack_publicize_feature_enabled":true,"jetpack_social_post_already_shared":true,"jetpack_social_options":{"image_generator_settings":{"template":"highway","enabled":false},"version":2}},"categories":[2],"tags":[],"class_list":["post-34561","post","type-post","status-publish","format-standard","has-post-thumbnail","hentry","category-locales"],"jetpack_publicize_connections":[],"_links":{"self":[{"href":"https:\/\/diariorepublica.com.ar\/web\/index.php\/wp-json\/wp\/v2\/posts\/34561"}],"collection":[{"href":"https:\/\/diariorepublica.com.ar\/web\/index.php\/wp-json\/wp\/v2\/posts"}],"about":[{"href":"https:\/\/diariorepublica.com.ar\/web\/index.php\/wp-json\/wp\/v2\/types\/post"}],"author":[{"embeddable":true,"href":"https:\/\/diariorepublica.com.ar\/web\/index.php\/wp-json\/wp\/v2\/users\/1"}],"replies":[{"embeddable":true,"href":"https:\/\/diariorepublica.com.ar\/web\/index.php\/wp-json\/wp\/v2\/comments?post=34561"}],"version-history":[{"count":1,"href":"https:\/\/diariorepublica.com.ar\/web\/index.php\/wp-json\/wp\/v2\/posts\/34561\/revisions"}],"predecessor-version":[{"id":34563,"href":"https:\/\/diariorepublica.com.ar\/web\/index.php\/wp-json\/wp\/v2\/posts\/34561\/revisions\/34563"}],"wp:featuredmedia":[{"embeddable":true,"href":"https:\/\/diariorepublica.com.ar\/web\/index.php\/wp-json\/wp\/v2\/media\/34562"}],"wp:attachment":[{"href":"https:\/\/diariorepublica.com.ar\/web\/index.php\/wp-json\/wp\/v2\/media?parent=34561"}],"wp:term":[{"taxonomy":"category","embeddable":true,"href":"https:\/\/diariorepublica.com.ar\/web\/index.php\/wp-json\/wp\/v2\/categories?post=34561"},{"taxonomy":"post_tag","embeddable":true,"href":"https:\/\/diariorepublica.com.ar\/web\/index.php\/wp-json\/wp\/v2\/tags?post=34561"}],"curies":[{"name":"wp","href":"https:\/\/api.w.org\/{rel}","templated":true}]}}