{"id":34564,"date":"2026-08-31T12:23:33","date_gmt":"2026-08-31T15:23:33","guid":{"rendered":"https:\/\/diariorepublica.com.ar\/web\/?p=34564"},"modified":"2026-08-31T12:23:35","modified_gmt":"2026-08-31T15:23:35","slug":"lionel-messi-anuncio-su-retiro-de-la-seleccion-argentina","status":"publish","type":"post","link":"https:\/\/diariorepublica.com.ar\/web\/index.php\/deportes\/2026\/08\/31\/lionel-messi-anuncio-su-retiro-de-la-seleccion-argentina\/","title":{"rendered":"Lionel Messi anunci\u00f3 su retiro de la Selecci\u00f3n Argentina"},"content":{"rendered":"<p><b>Lionel Messi anunci\u00f3 su retiro de la Selecci\u00f3n Argentina<\/b>\u00a0y sacudi\u00f3 al mundo del f\u00fatbol con una carta que public\u00f3 en sus redes sociales este lunes, a pesar de que la hab\u00eda escrito dos d\u00edas despu\u00e9s de la\u00a0final perdida ante Espa\u00f1a en el Mundial, pero resalt\u00f3 que reci\u00e9n\u00a0tras la muerte de su padre\u00a0termin\u00f3 de estar convencido de su decisi\u00f3n.<\/p>\n<p><i>Despu\u00e9s de este tiempo que pas\u00f3 desde la final, pens\u00e1ndolo mucho, quiero comunicarles a todos que me retiro de la Selecci\u00f3n\u2026<\/i><\/p>\n<p><i>Fue una decisi\u00f3n que doli\u00f3 y duele en el alma pero entiendo que es el momento. Les juro que siempre dej\u00e9 todo, no solo los \u00faltimos a\u00f1os que se gan\u00f3 todo antes tambi\u00e9n y siempre pele\u00e9 y me dej\u00e9 todo por esta camiseta, por darles alegr\u00edas y hacer que se sientan orgullosos de ser argentinos a trav\u00e9s del f\u00fatbol.<\/i><\/p>\n<p><i>Queda poco y se van cerrando etapas y esta es una que me duele mucho. Amo, am\u00e9 y amar\u00e9 siempre estar en la Selecci\u00f3n. Me vaci\u00e9, ya no tengo m\u00e1s para dar y aparte vienen chicos muy grandes atr\u00e1s que merecen estar.<\/i><\/p>\n<p><i>Gracias por todo el cari\u00f1o de estos 20 a\u00f1os. Voy a extra\u00f1ar mucho escucharlos desde adentro. Ahora voy a ser uno m\u00e1s de ustedes, alentando y bancando siempre desde afuera (en las buenas y en las malas, mucho m\u00e1s).<\/i><\/p>\n<p><i>Gracias a mi familia por estar siempre, por acompa\u00f1arme en este viaje tan hermoso pero dif\u00edcil. Gracias a cada uno de entrenadores, compa\u00f1eros y dirigentes que me toc\u00f3 compartir. Me llevo recuerdos y momentos inolvidables vividos.<\/i><\/p>\n<p><i>Me voy con la tranquilidad y el orgullo de haberles regalado, juntos con mis compa\u00f1eros, momentos so\u00f1ados. Fue una locura haberlo vivido con ustedes. \u00a1Los quiero!<\/i><\/p>\n<p><i>Gracias Dios por hacerme argentino.<\/i><\/p>\n<p><i>\u00a1Vamos Argentina!<\/i><\/p>\n<p><i>*Estas palabras las escrib\u00ed el 21 de julio, dos d\u00edas despu\u00e9s de la final. Hoy despu\u00e9s de lo de mi pap\u00e1, estoy m\u00e1s convencido que antes.<\/i><\/p>\n<p><img decoding=\"async\" src=\"https:\/\/tn.com.ar\/resizer\/v2\/foto-instagram-leomessi-NQ6RAXK47ZDPLNZ2SPD52C3PYQ.PNG?auth=0a9488ab898323cb10e0aa4034796e5cc79e2e77655c1e31b7f5361c00a515e7&amp;width=767\" alt=\"(Foto: Instagram @leomessi)\" \/><\/p>\n","protected":false},"excerpt":{"rendered":"<p>Lionel Messi anunci\u00f3 su retiro de la Selecci\u00f3n Argentina\u00a0y sacudi\u00f3 al mundo del f\u00fatbol con una carta que public\u00f3 en<\/p>\n","protected":false},"author":1,"featured_media":34565,"comment_status":"closed","ping_status":"closed","sticky":false,"template":"","format":"standard","meta":{"footnotes":"","jetpack_publicize_message":"","jetpack_publicize_feature_enabled":true,"jetpack_social_post_already_shared":true,"jetpack_social_options":{"image_generator_settings":{"template":"highway","enabled":false},"version":2}},"categories":[9],"tags":[],"class_list":["post-34564","post","type-post","status-publish","format-standard","has-post-thumbnail","hentry","category-deportes"],"jetpack_publicize_connections":[],"_links":{"self":[{"href":"https:\/\/diariorepublica.com.ar\/web\/index.php\/wp-json\/wp\/v2\/posts\/34564"}],"collection":[{"href":"https:\/\/diariorepublica.com.ar\/web\/index.php\/wp-json\/wp\/v2\/posts"}],"about":[{"href":"https:\/\/diariorepublica.com.ar\/web\/index.php\/wp-json\/wp\/v2\/types\/post"}],"author":[{"embeddable":true,"href":"https:\/\/diariorepublica.com.ar\/web\/index.php\/wp-json\/wp\/v2\/users\/1"}],"replies":[{"embeddable":true,"href":"https:\/\/diariorepublica.com.ar\/web\/index.php\/wp-json\/wp\/v2\/comments?post=34564"}],"version-history":[{"count":1,"href":"https:\/\/diariorepublica.com.ar\/web\/index.php\/wp-json\/wp\/v2\/posts\/34564\/revisions"}],"predecessor-version":[{"id":34566,"href":"https:\/\/diariorepublica.com.ar\/web\/index.php\/wp-json\/wp\/v2\/posts\/34564\/revisions\/34566"}],"wp:featuredmedia":[{"embeddable":true,"href":"https:\/\/diariorepublica.com.ar\/web\/index.php\/wp-json\/wp\/v2\/media\/34565"}],"wp:attachment":[{"href":"https:\/\/diariorepublica.com.ar\/web\/index.php\/wp-json\/wp\/v2\/media?parent=34564"}],"wp:term":[{"taxonomy":"category","embeddable":true,"href":"https:\/\/diariorepublica.com.ar\/web\/index.php\/wp-json\/wp\/v2\/categories?post=34564"},{"taxonomy":"post_tag","embeddable":true,"href":"https:\/\/diariorepublica.com.ar\/web\/index.php\/wp-json\/wp\/v2\/tags?post=34564"}],"curies":[{"name":"wp","href":"https:\/\/api.w.org\/{rel}","templated":true}]}}