{"id":34569,"date":"2026-09-01T07:39:43","date_gmt":"2026-09-01T10:39:43","guid":{"rendered":"https:\/\/diariorepublica.com.ar\/web\/?p=34569"},"modified":"2026-09-01T07:39:45","modified_gmt":"2026-09-01T10:39:45","slug":"fiambala-recibio-una-ambulancia-4x4-para-reforzar-la-atencion-sanitaria-en-la-zona-cordillerana","status":"publish","type":"post","link":"https:\/\/diariorepublica.com.ar\/web\/index.php\/locales\/2026\/09\/01\/fiambala-recibio-una-ambulancia-4x4-para-reforzar-la-atencion-sanitaria-en-la-zona-cordillerana\/","title":{"rendered":"Fiambal\u00e1 recibi\u00f3 una ambulancia 4&#215;4 para reforzar la atenci\u00f3n sanitaria en la zona cordillerana"},"content":{"rendered":"<p>El gobernador Ra\u00fal Jalil, acompa\u00f1ado por el vicegobernador Rub\u00e9n Dusso y la ministra de Salud, Johana Carrizo, encabez\u00f3 esta ma\u00f1ana la entrega de una nueva ambulancia 4&#215;4 destinada al \u00c1rea Program\u00e1tica N\u00b015 de Fiambal\u00e1.<\/p>\n<p>Se trata de la primera unidad sanitaria con tracci\u00f3n 4&#215;4 incorporada para Fiambal\u00e1, una unidad clave para mejorar la capacidad de respuesta del sistema de salud en una regi\u00f3n caracterizada por sus extensas distancias y caminos de dif\u00edcil acceso, particularmente en la zona norte y cordillerana.<\/p>\n<p>La ambulancia fue adquirida mediante fondos provenientes del Fideicomiso Minero. La nueva unidad permitir\u00e1 optimizar los traslados y la asistencia sanitaria, especialmente ante situaciones que requieran llegar a sectores alejados y de compleja transitabilidad.<\/p>\n<p>Durante el acto tambi\u00e9n estuvieron presentes Juan Marchetti, presidente del Fideicomiso Minero; la ministra de Miner\u00eda, Teresita Regalado, el intendente de Fiambal\u00e1, Ra\u00fal Usqueda, entre otras autoridades.<\/p>\n<p>El gobernador Ra\u00fal Jalil, acompa\u00f1ado por el vicegobernador Rub\u00e9n Dusso y la ministra de Salud, Johana Carrizo, encabez\u00f3 esta ma\u00f1ana la entrega de una nueva ambulancia 4&#215;4 destinada al \u00c1rea Program\u00e1tica N\u00b015 de Fiambal\u00e1.<\/p>\n<p>Se trata de la primera unidad sanitaria con tracci\u00f3n 4&#215;4 incorporada para Fiambal\u00e1, una unidad clave para mejorar la capacidad de respuesta del sistema de salud en una regi\u00f3n caracterizada por sus extensas distancias y caminos de dif\u00edcil acceso, particularmente en la zona norte y cordillerana.<\/p>\n<p>La ambulancia fue adquirida mediante fondos provenientes del Fideicomiso Minero. La nueva unidad permitir\u00e1 optimizar los traslados y la asistencia sanitaria, especialmente ante situaciones que requieran llegar a sectores alejados y de compleja transitabilidad.<\/p>\n<p>Durante el acto tambi\u00e9n estuvieron presentes Juan Marchetti, presidente del Fideicomiso Minero; la ministra de Miner\u00eda, Teresita Regalado, el intendente de Fiambal\u00e1, Ra\u00fal Usqueda, entre otras autoridades.<\/p>\n","protected":false},"excerpt":{"rendered":"<p>El gobernador Ra\u00fal Jalil, acompa\u00f1ado por el vicegobernador Rub\u00e9n Dusso y la ministra de Salud, Johana Carrizo, encabez\u00f3 esta ma\u00f1ana<\/p>\n","protected":false},"author":1,"featured_media":34570,"comment_status":"closed","ping_status":"closed","sticky":false,"template":"","format":"standard","meta":{"footnotes":"","jetpack_publicize_message":"","jetpack_publicize_feature_enabled":true,"jetpack_social_post_already_shared":true,"jetpack_social_options":{"image_generator_settings":{"template":"highway","enabled":false},"version":2}},"categories":[2],"tags":[],"class_list":["post-34569","post","type-post","status-publish","format-standard","has-post-thumbnail","hentry","category-locales"],"jetpack_publicize_connections":[],"_links":{"self":[{"href":"https:\/\/diariorepublica.com.ar\/web\/index.php\/wp-json\/wp\/v2\/posts\/34569"}],"collection":[{"href":"https:\/\/diariorepublica.com.ar\/web\/index.php\/wp-json\/wp\/v2\/posts"}],"about":[{"href":"https:\/\/diariorepublica.com.ar\/web\/index.php\/wp-json\/wp\/v2\/types\/post"}],"author":[{"embeddable":true,"href":"https:\/\/diariorepublica.com.ar\/web\/index.php\/wp-json\/wp\/v2\/users\/1"}],"replies":[{"embeddable":true,"href":"https:\/\/diariorepublica.com.ar\/web\/index.php\/wp-json\/wp\/v2\/comments?post=34569"}],"version-history":[{"count":1,"href":"https:\/\/diariorepublica.com.ar\/web\/index.php\/wp-json\/wp\/v2\/posts\/34569\/revisions"}],"predecessor-version":[{"id":34571,"href":"https:\/\/diariorepublica.com.ar\/web\/index.php\/wp-json\/wp\/v2\/posts\/34569\/revisions\/34571"}],"wp:featuredmedia":[{"embeddable":true,"href":"https:\/\/diariorepublica.com.ar\/web\/index.php\/wp-json\/wp\/v2\/media\/34570"}],"wp:attachment":[{"href":"https:\/\/diariorepublica.com.ar\/web\/index.php\/wp-json\/wp\/v2\/media?parent=34569"}],"wp:term":[{"taxonomy":"category","embeddable":true,"href":"https:\/\/diariorepublica.com.ar\/web\/index.php\/wp-json\/wp\/v2\/categories?post=34569"},{"taxonomy":"post_tag","embeddable":true,"href":"https:\/\/diariorepublica.com.ar\/web\/index.php\/wp-json\/wp\/v2\/tags?post=34569"}],"curies":[{"name":"wp","href":"https:\/\/api.w.org\/{rel}","templated":true}]}}