{"id":34572,"date":"2026-09-01T07:41:01","date_gmt":"2026-09-01T10:41:01","guid":{"rendered":"https:\/\/diariorepublica.com.ar\/web\/?p=34572"},"modified":"2026-09-01T07:41:03","modified_gmt":"2026-09-01T10:41:03","slug":"camyen-lanzo-el-primer-mapa-interactivo-geologico-de-catamarca","status":"publish","type":"post","link":"https:\/\/diariorepublica.com.ar\/web\/index.php\/sociedad\/2026\/09\/01\/camyen-lanzo-el-primer-mapa-interactivo-geologico-de-catamarca\/","title":{"rendered":"CAMYEN lanz\u00f3 el primer mapa interactivo geol\u00f3gico de Catamarca"},"content":{"rendered":"<p>Es una herramienta digital estrat\u00e9gica e innovadora que integra activos mineros, potencialidad geol\u00f3gica, infraestructura cr\u00edtica y est\u00e1ndares de desarrollo sostenible.<\/p>\n<p>Este lunes, en la sede central de Catamarca Minera y Energ\u00e9tica (CAMYEN S.A.U.), se llev\u00f3 a cabo la presentaci\u00f3n oficial y lanzamiento del portal web institucional camyeninvestments.com.ar. Se trata de una avanzada base de datos geol\u00f3gico-minera que re\u00fane, sistematiza y cruza informaci\u00f3n integral sobre todos los activos mineros de la empresa con la m\u00e1xima potencialidad geol\u00f3gica provincial.<\/p>\n<p>La plataforma detalla de manera interactiva la ubicaci\u00f3n de cada activo minero, los minerales presentes, su estado legal actual y un conjunto de variables t\u00e9cnicas indispensables para optimizar la toma de decisiones estrat\u00e9gicas, alineadas con los est\u00e1ndares internacionales de Sociedad, Gobernanza y Ambiente (ESG).<\/p>\n<p>El acto de presentaci\u00f3n institucional cont\u00f3 con la presencia del gobernador Ra\u00fal Jalil; el vicegobernador Rub\u00e9n Dusso; la presidenta de la C\u00e1mara de Diputados, Paola Fedeli; y la ministra de Miner\u00eda, Teresita Regalado, entre otros funcionarios y representantes del sector.<\/p>\n<p>Este importante lanzamiento constituye la primera fase de un plan integral estructurado en tres etapas, impulsado desde principios de a\u00f1o por equipos interdisciplinarios conformados por profesionales de geolog\u00eda, inform\u00e1tica y del \u00e1rea legal de la empresa.<\/p>\n<p>La iniciativa se enmarca en los principios de transparencia y datos abiertos establecidos por la nueva ley de transformaci\u00f3n de CAMYEN en Sociedad An\u00f3nima Unipersonal (S.A.U.). De este modo, se garantiza a la ciudadan\u00eda y a los actores del sector un acceso p\u00fablico, \u00e1gil y transparente a informaci\u00f3n estrat\u00e9gica de gran valor sobre el patrimonio minero provincial.<\/p>\n<p>A trav\u00e9s de la nueva plataforma digital, los usuarios pueden acceder al cruce din\u00e1mico de datos geol\u00f3gicos con factores cr\u00edticos para la log\u00edstica y el desarrollo industrial:<\/p>\n<p>-Red de infraestructura vial: Rutas nacionales y provinciales de conectividad log\u00edstica.<\/p>\n<p>-Suministro energ\u00e9tico: L\u00edneas de alta tensi\u00f3n y fuentes de energ\u00eda disponibles.<\/p>\n<p>-Conectividad a\u00e9rea: Aeropuertos y pistas estrat\u00e9gicas en territorio provincial.<\/p>\n<p>-Variables de desarrollo regional: Criterios socioambientales y caracter\u00edsticas geogr\u00e1ficas de las zonas factibles para la inversi\u00f3n productiva.<\/p>\n","protected":false},"excerpt":{"rendered":"<p>Es una herramienta digital estrat\u00e9gica e innovadora que integra activos mineros, potencialidad geol\u00f3gica, infraestructura cr\u00edtica y est\u00e1ndares de desarrollo sostenible.<\/p>\n","protected":false},"author":1,"featured_media":34573,"comment_status":"closed","ping_status":"closed","sticky":false,"template":"","format":"standard","meta":{"footnotes":"","jetpack_publicize_message":"","jetpack_publicize_feature_enabled":true,"jetpack_social_post_already_shared":true,"jetpack_social_options":{"image_generator_settings":{"template":"highway","enabled":false},"version":2}},"categories":[3],"tags":[],"class_list":["post-34572","post","type-post","status-publish","format-standard","has-post-thumbnail","hentry","category-sociedad"],"jetpack_publicize_connections":[],"_links":{"self":[{"href":"https:\/\/diariorepublica.com.ar\/web\/index.php\/wp-json\/wp\/v2\/posts\/34572"}],"collection":[{"href":"https:\/\/diariorepublica.com.ar\/web\/index.php\/wp-json\/wp\/v2\/posts"}],"about":[{"href":"https:\/\/diariorepublica.com.ar\/web\/index.php\/wp-json\/wp\/v2\/types\/post"}],"author":[{"embeddable":true,"href":"https:\/\/diariorepublica.com.ar\/web\/index.php\/wp-json\/wp\/v2\/users\/1"}],"replies":[{"embeddable":true,"href":"https:\/\/diariorepublica.com.ar\/web\/index.php\/wp-json\/wp\/v2\/comments?post=34572"}],"version-history":[{"count":1,"href":"https:\/\/diariorepublica.com.ar\/web\/index.php\/wp-json\/wp\/v2\/posts\/34572\/revisions"}],"predecessor-version":[{"id":34574,"href":"https:\/\/diariorepublica.com.ar\/web\/index.php\/wp-json\/wp\/v2\/posts\/34572\/revisions\/34574"}],"wp:featuredmedia":[{"embeddable":true,"href":"https:\/\/diariorepublica.com.ar\/web\/index.php\/wp-json\/wp\/v2\/media\/34573"}],"wp:attachment":[{"href":"https:\/\/diariorepublica.com.ar\/web\/index.php\/wp-json\/wp\/v2\/media?parent=34572"}],"wp:term":[{"taxonomy":"category","embeddable":true,"href":"https:\/\/diariorepublica.com.ar\/web\/index.php\/wp-json\/wp\/v2\/categories?post=34572"},{"taxonomy":"post_tag","embeddable":true,"href":"https:\/\/diariorepublica.com.ar\/web\/index.php\/wp-json\/wp\/v2\/tags?post=34572"}],"curies":[{"name":"wp","href":"https:\/\/api.w.org\/{rel}","templated":true}]}}