{"id":34581,"date":"2026-09-01T08:41:41","date_gmt":"2026-09-01T11:41:41","guid":{"rendered":"https:\/\/diariorepublica.com.ar\/web\/?p=34581"},"modified":"2026-09-01T08:41:43","modified_gmt":"2026-09-01T11:41:43","slug":"visita-del-papa-leon-xiv-la-iglesia-dio-detalles-de-los-preparativos-tras-una-reunion-con-karina-milei","status":"publish","type":"post","link":"https:\/\/diariorepublica.com.ar\/web\/index.php\/nacionales\/2026\/09\/01\/visita-del-papa-leon-xiv-la-iglesia-dio-detalles-de-los-preparativos-tras-una-reunion-con-karina-milei\/","title":{"rendered":"Visita del papa Le\u00f3n XIV: la Iglesia dio detalles de los preparativos tras una reuni\u00f3n con Karina Milei"},"content":{"rendered":"<article class=\"article-body article-body--first-paragraph\" data-td-script-src=\"https:\/\/www.ambito.com\/td\/modulos\/encuestas\/js\/function-embeds-min-version-1788149222.js\">\n<p id=\"p-1788222006803-57066\">En medio de las\u00a0<strong>cr\u00edticas de la Iglesia por el endeudamiento de las familias<\/strong>,\u00a0<strong>Karina Milei<\/strong>\u00a0mantuvo un encuentro este lunes con el presidente de la\u00a0<strong>Conferencia Episcopal Argentina<\/strong>\u00a0(CEA),\u00a0<strong>Marcelo Colombo,<\/strong>\u00a0para continuar con los preparativos para la visita de\u00a0<strong>Le\u00f3n XIV<\/strong>\u00a0a la Argentina.<\/p>\n<\/article>\n<article class=\"article-body article-body--second-paragraph\">\n<p id=\"p-1788222057727-48447\">En su despacho de\u00a0<strong>Casa Rosada,<\/strong>\u00a0la secretaria general de la\u00a0<strong>Presidencia<\/strong>\u00a0dialog\u00f3 durante una hora con el arzobispo de\u00a0<strong>Mendoza,<\/strong>\u00a0quien asisti\u00f3 junto al secretario general del Episcopado, monse\u00f1or\u00a0<strong>Ra\u00fal Pizarro.<\/strong>\u00a0La funcionaria estuvo acompa\u00f1ada por el jefe del \u00e1rea de Comunicaci\u00f3n y Medios de Presidencia,\u00a0<strong>Fabi\u00e1n Fern\u00e1ndez.<\/strong><\/p>\n<p>La reuni\u00f3n se centr\u00f3 exclusivamente en la organizaci\u00f3n de la llegada del\u00a0<strong>Papa<\/strong>\u00a0prevista para el 8 de noviembre. El\u00a0<strong>Sumo Pont\u00edfice<\/strong>\u00a0visitar\u00e1 el pa\u00eds durante tres d\u00edas, con destinos confirmados: la Ciudad de Buenos Aires,\u00a0<strong>Luj\u00e1n<\/strong>\u00a0(Provincia de Buenos Aires) y\u00a0<strong>C\u00f3rdoba.<\/strong><\/p>\n<article class=\"article-body article-body--fourth-paragraph\">\n<p id=\"p-1788222608176-15594\">En di\u00e1logo con\u00a0<strong>C5N,<\/strong>\u00a0Colombo inform\u00f3 que el encuentro tuvo por fin<strong>\u00a0\u00abconcretar los aspectos t\u00e9cnicos de la visita\u00bb\u00a0<\/strong>de Le\u00f3n XIV y que ser\u00e1 tarea de los enviados del Vaticano definir los detalles finales del cronograma.<strong>\u00a0\u00abLa comisi\u00f3n de trabajo se lleva todos los apuntes\u00bb<\/strong>, explic\u00f3.<\/p>\n<\/article>\n<article class=\"article-body article-body--fifth-paragraph\">\n<p id=\"p-1788223068909-53152\">El titular del Episcopado se\u00f1al\u00f3 que a la hora de pensar los pormenores de la visita, buscan que se pueda asegurar \u00abque la mayor cantidad que quiera salir al encuentro del Papa pueda hacerlo\u00bb. Y asegur\u00f3 que las jurisdicciones que intervienen en la organizaci\u00f3n \u00abest\u00e1n poniendo lo mejor de s\u00ed mismas\u00bb para que todo salga de la mejor manera.<\/p>\n<\/article>\n<article class=\"article-body article-body--remaining-paragraph\">\n<p id=\"p-1788224714443-10457\">Durante la reuni\u00f3n con Karina Milei, dialogaron sobre el itinerario. En ese aspecto, detall\u00f3 que est\u00e1 previsto varios encuentros de car\u00e1cter protocolar, entre los que destaca una\u00a0<strong>reuni\u00f3n bilateral con el presidente Javier Milei<\/strong>.<\/p>\n<\/article>\n<\/article>\n","protected":false},"excerpt":{"rendered":"<p>En medio de las\u00a0cr\u00edticas de la Iglesia por el endeudamiento de las familias,\u00a0Karina Milei\u00a0mantuvo un encuentro este lunes con el<\/p>\n","protected":false},"author":1,"featured_media":34582,"comment_status":"closed","ping_status":"closed","sticky":false,"template":"","format":"standard","meta":{"footnotes":"","jetpack_publicize_message":"","jetpack_publicize_feature_enabled":true,"jetpack_social_post_already_shared":true,"jetpack_social_options":{"image_generator_settings":{"template":"highway","enabled":false},"version":2}},"categories":[4],"tags":[],"class_list":["post-34581","post","type-post","status-publish","format-standard","has-post-thumbnail","hentry","category-nacionales"],"jetpack_publicize_connections":[],"_links":{"self":[{"href":"https:\/\/diariorepublica.com.ar\/web\/index.php\/wp-json\/wp\/v2\/posts\/34581"}],"collection":[{"href":"https:\/\/diariorepublica.com.ar\/web\/index.php\/wp-json\/wp\/v2\/posts"}],"about":[{"href":"https:\/\/diariorepublica.com.ar\/web\/index.php\/wp-json\/wp\/v2\/types\/post"}],"author":[{"embeddable":true,"href":"https:\/\/diariorepublica.com.ar\/web\/index.php\/wp-json\/wp\/v2\/users\/1"}],"replies":[{"embeddable":true,"href":"https:\/\/diariorepublica.com.ar\/web\/index.php\/wp-json\/wp\/v2\/comments?post=34581"}],"version-history":[{"count":1,"href":"https:\/\/diariorepublica.com.ar\/web\/index.php\/wp-json\/wp\/v2\/posts\/34581\/revisions"}],"predecessor-version":[{"id":34583,"href":"https:\/\/diariorepublica.com.ar\/web\/index.php\/wp-json\/wp\/v2\/posts\/34581\/revisions\/34583"}],"wp:featuredmedia":[{"embeddable":true,"href":"https:\/\/diariorepublica.com.ar\/web\/index.php\/wp-json\/wp\/v2\/media\/34582"}],"wp:attachment":[{"href":"https:\/\/diariorepublica.com.ar\/web\/index.php\/wp-json\/wp\/v2\/media?parent=34581"}],"wp:term":[{"taxonomy":"category","embeddable":true,"href":"https:\/\/diariorepublica.com.ar\/web\/index.php\/wp-json\/wp\/v2\/categories?post=34581"},{"taxonomy":"post_tag","embeddable":true,"href":"https:\/\/diariorepublica.com.ar\/web\/index.php\/wp-json\/wp\/v2\/tags?post=34581"}],"curies":[{"name":"wp","href":"https:\/\/api.w.org\/{rel}","templated":true}]}}