{"id":34584,"date":"2026-09-01T06:42:00","date_gmt":"2026-09-01T09:42:00","guid":{"rendered":"https:\/\/diariorepublica.com.ar\/web\/?p=34584"},"modified":"2026-09-01T08:43:22","modified_gmt":"2026-09-01T11:43:22","slug":"estudiantes-empato-con-newells","status":"publish","type":"post","link":"https:\/\/diariorepublica.com.ar\/web\/index.php\/deportes\/2026\/09\/01\/estudiantes-empato-con-newells\/","title":{"rendered":"Estudiantes empat\u00f3 con Newell&#8217;s"},"content":{"rendered":"<article id=\"article-post\" class=\"first\">\n<div class=\"cuerpo\" data-twitter-link=\"https:\/\/twitter.com\/intent\/tweet?url=https:\/\/www.diariopopular.com.ar\/c917519&amp;via=poopulardiario&amp;related=Popular&amp;text=\">\n<p id=\"p-1788220982446-6137\"><strong>Estudiantes empat\u00f3 0-0 con Newell&#8217;s en La Plata por la s\u00e9ptima fecha del Torneo Clausura y desperdici\u00f3 una chance importante para meterse en la pelea por la clasificaci\u00f3n<\/strong>. El equipo dirigido por Alexander Medina tuvo varias oportunidades para romper el cero, pero se encontr\u00f3 con una gran actuaci\u00f3n del arquero de la Lepra. Con este resultado, el Pincha contin\u00faa fuera de los ocho puestos que avanzan a los octavos de final.<\/p>\n<\/div>\n<\/article>\n<article id=\"article-post\">\n<div class=\"cuerpo\" data-twitter-link=\"#TWEMBEDLINK#\">\n<p id=\"p-1788220982446-52893\">Newell&#8217;s tuvo un comienzo m\u00e1s ofensivo y sorprendi\u00f3 al local con Regiardo como uno de los protagonistas en la recuperaci\u00f3n, adem\u00e1s de la participaci\u00f3n de Escobar y R\u00edos por la derecha. Estudiantes tard\u00f3 unos 15 minutos en acomodarse, pero despu\u00e9s tom\u00f3 el control del juego y gener\u00f3 varias situaciones.\u00a0<strong>Reinatti respondi\u00f3 en reiteradas oportunidades y lleg\u00f3 a realizar tres atajadas en apenas cinco minutos para mantener el arco de la Lepra en cero<\/strong>.<\/p>\n<\/div>\n<\/article>\n<article id=\"article-post\">\n<div class=\"cuerpo\" data-twitter-link=\"#TWEMBEDLINK#\">\n<p id=\"p-1788220982446-94845\">El complemento fue m\u00e1s equilibrado y Newell&#8217;s consigui\u00f3 disputar durante m\u00e1s tiempo la tenencia de la pelota. Sin embargo, Estudiantes volvi\u00f3 a reaccionar con el ingreso de los cambios y recuper\u00f3 el dominio, aunque nuevamente choc\u00f3 contra Reinatti, la figura del encuentro.\u00a0<strong>El arquero sostuvo el empate con nuevas intervenciones y evit\u00f3 que el Pincha pudiera transformar su superioridad en el resultado.<\/strong><\/p>\n<\/div>\n<\/article>\n<article id=\"article-post\">\n<div class=\"cuerpo\" data-twitter-link=\"#TWEMBEDLINK#\">\n<p id=\"p-1788220982446-90492\"><strong>El empate dej\u00f3 a Newell&#8217;s con 11 puntos y en el quinto puesto de la Zona A, mientras que Estudiantes contin\u00faa fuera de los puestos de clasificaci\u00f3n<\/strong>. En la pr\u00f3xima fecha, el Pincha visitar\u00e1 a V\u00e9lez el s\u00e1bado desde las 21.15 y luego recibir\u00e1 a Platense.\u00a0<strong>La Lepra, en tanto, tendr\u00e1 por delante el cl\u00e1sico rosarino ante Central, el domingo desde las 14.45 en el Gigante de Arroyito<\/strong>.<\/p>\n<\/div>\n<\/article>\n<article id=\"article-post\">\n<div class=\"cuerpo\" data-twitter-link=\"#TWEMBEDLINK#\">\n<h6 id=\"p-1788221689787-81756\">El resumen de Estudiantes 0-0 Newell&#8217;s<\/h6>\n<div id=\"embed58_wrap\" class=\"embed_cont type_freetext\" contenteditable=\"false\">\n<div id=\"embed58_content\" class=\"embed_content\">\n<div id=\"embed58_embed\"><iframe loading=\"lazy\" title=\"ESTUDIANTES Y NEWELL'S, A MANO EN LA PLATA| #Estudiantes 0-0 #Newell\u00b4s| Resumen\" src=\"https:\/\/www.youtube.com\/embed\/X_e32N5vdso\" width=\"891\" height=\"501\" frameborder=\"0\" allowfullscreen=\"allowfullscreen\" data-gtm-yt-inspected-14=\"true\" data-mce-fragment=\"1\"><\/iframe><\/div>\n<\/div>\n<div id=\"p-1788221180856-55462\" class=\"embed_wrapper-cont\">\n<div id=\"embed58_epigrafe\" class=\"embed_epigrafe\"><\/div>\n<\/div>\n<\/div>\n<\/div>\n<\/article>\n","protected":false},"excerpt":{"rendered":"<p>Estudiantes empat\u00f3 0-0 con Newell&#8217;s en La Plata por la s\u00e9ptima fecha del Torneo Clausura y desperdici\u00f3 una chance importante<\/p>\n","protected":false},"author":1,"featured_media":34585,"comment_status":"closed","ping_status":"closed","sticky":false,"template":"","format":"standard","meta":{"footnotes":"","jetpack_publicize_message":"","jetpack_publicize_feature_enabled":true,"jetpack_social_post_already_shared":true,"jetpack_social_options":{"image_generator_settings":{"template":"highway","enabled":false},"version":2}},"categories":[9],"tags":[],"class_list":["post-34584","post","type-post","status-publish","format-standard","has-post-thumbnail","hentry","category-deportes"],"jetpack_publicize_connections":[],"_links":{"self":[{"href":"https:\/\/diariorepublica.com.ar\/web\/index.php\/wp-json\/wp\/v2\/posts\/34584"}],"collection":[{"href":"https:\/\/diariorepublica.com.ar\/web\/index.php\/wp-json\/wp\/v2\/posts"}],"about":[{"href":"https:\/\/diariorepublica.com.ar\/web\/index.php\/wp-json\/wp\/v2\/types\/post"}],"author":[{"embeddable":true,"href":"https:\/\/diariorepublica.com.ar\/web\/index.php\/wp-json\/wp\/v2\/users\/1"}],"replies":[{"embeddable":true,"href":"https:\/\/diariorepublica.com.ar\/web\/index.php\/wp-json\/wp\/v2\/comments?post=34584"}],"version-history":[{"count":1,"href":"https:\/\/diariorepublica.com.ar\/web\/index.php\/wp-json\/wp\/v2\/posts\/34584\/revisions"}],"predecessor-version":[{"id":34586,"href":"https:\/\/diariorepublica.com.ar\/web\/index.php\/wp-json\/wp\/v2\/posts\/34584\/revisions\/34586"}],"wp:featuredmedia":[{"embeddable":true,"href":"https:\/\/diariorepublica.com.ar\/web\/index.php\/wp-json\/wp\/v2\/media\/34585"}],"wp:attachment":[{"href":"https:\/\/diariorepublica.com.ar\/web\/index.php\/wp-json\/wp\/v2\/media?parent=34584"}],"wp:term":[{"taxonomy":"category","embeddable":true,"href":"https:\/\/diariorepublica.com.ar\/web\/index.php\/wp-json\/wp\/v2\/categories?post=34584"},{"taxonomy":"post_tag","embeddable":true,"href":"https:\/\/diariorepublica.com.ar\/web\/index.php\/wp-json\/wp\/v2\/tags?post=34584"}],"curies":[{"name":"wp","href":"https:\/\/api.w.org\/{rel}","templated":true}]}}