{"id":34587,"date":"2026-09-01T06:43:00","date_gmt":"2026-09-01T09:43:00","guid":{"rendered":"https:\/\/diariorepublica.com.ar\/web\/?p=34587"},"modified":"2026-09-01T08:44:20","modified_gmt":"2026-09-01T11:44:20","slug":"defensa-y-justicia-vencio-1-a-0-a-platense","status":"publish","type":"post","link":"https:\/\/diariorepublica.com.ar\/web\/index.php\/deportes\/2026\/09\/01\/defensa-y-justicia-vencio-1-a-0-a-platense\/","title":{"rendered":"Defensa y Justicia venci\u00f3 1 a 0 a Platense\u00a0"},"content":{"rendered":"<article id=\"article-post\" class=\"first\">\n<div class=\"cuerpo\" data-twitter-link=\"https:\/\/twitter.com\/intent\/tweet?url=https:\/\/www.diariopopular.com.ar\/c917521&amp;via=poopulardiario&amp;related=Popular&amp;text=\">\n<p id=\"p-1788222542926-20048\"><strong>Defensa y Justicia venci\u00f3 1 a 0 a Platense en el Tito Tomaghello por la s\u00e9ptima fecha del Torneo Clausura<\/strong>\u00a0y qued\u00f3 escolta de Gimnasia de Mendoza en la Zona A del campeonato local.\u00a0<strong>H\u00e9ctor Mart\u00ednez anot\u00f3 el gol del triunfo del equipo<\/strong>\u00a0dirigido por Julio Vaccari.<\/p>\n<\/div>\n<\/article>\n<article id=\"article-post\">\n<div class=\"cuerpo\" data-twitter-link=\"#TWEMBEDLINK#\">\n<p id=\"p-1788222906260-73823\"><strong>En un partido muy parejo, el Halc\u00f3n encontr\u00f3 el gol del triunfo gracias a la aparici\u00f3n del defensor por el segundo palo despu\u00e9s de un tiro libre<\/strong>\u00a0desde la izquierda a los 30 minutos del complemento. El local hab\u00eda tenido la situaci\u00f3n m\u00e1s clara en el primer tiempo con un cabezazo de Leandro Fern\u00e1ndez que se estrell\u00f3 contra un palo.<\/p>\n<\/div>\n<\/article>\n<article id=\"article-post\">\n<div class=\"cuerpo\" data-twitter-link=\"#TWEMBEDLINK#\">\n<p id=\"p-1788226202700-83997\"><strong>El equipo de Vaccari le puso un freno al Platense de Palermo<\/strong>\u00a0que compite en la Copa Argentina y Copa Libertadores, estando en los cuartos de final de ambas competencias. Es la primera ca\u00edda del segundo ciclo del Tit\u00e1n que tuvo un inicio muy auspicioso.<\/p>\n<\/div>\n<\/article>\n<article id=\"article-post\">\n<div class=\"cuerpo\" data-twitter-link=\"#TWEMBEDLINK#\">\n<p id=\"p-1788226008525-42739\">Con este resultado,\u00a0<strong>Defensa qued\u00f3 en los primeros puestos de la Zona A del Clausura con 14 puntos<\/strong>, producto de cuatro victorias, dos empates y una derrota. Por su parte, Platense, con esta ca\u00edda, qued\u00f3 cerca de entrar en la zona de playoffs con ocho unidades.<\/p>\n<\/div>\n<\/article>\n<article id=\"article-post\">\n<div class=\"cuerpo\" data-twitter-link=\"#TWEMBEDLINK#\">\n<h6 id=\"p-1788222543127-81831\">El resumen del partido<\/h6>\n<div id=\"embed43_wrap\" class=\"embed_cont type_freetext\" contenteditable=\"false\">\n<div id=\"embed43_content\" class=\"embed_content\">\n<div id=\"embed43_embed\"><iframe loading=\"lazy\" title=\"YouTube video player\" src=\"https:\/\/www.youtube.com\/embed\/ltNga4Giftw?si=VPnU4bq3WRFbk8Dv\" width=\"560\" height=\"315\" frameborder=\"0\" allowfullscreen=\"allowfullscreen\" data-gtm-yt-inspected-14=\"true\" data-mce-fragment=\"1\"><\/iframe><\/div>\n<\/div>\n<div id=\"p-1788222802203-71927\" class=\"embed_wrapper-cont\">\n<div id=\"embed43_epigrafe\" class=\"embed_epigrafe\"><\/div>\n<\/div>\n<\/div>\n<\/div>\n<\/article>\n","protected":false},"excerpt":{"rendered":"<p>Defensa y Justicia venci\u00f3 1 a 0 a Platense en el Tito Tomaghello por la s\u00e9ptima fecha del Torneo Clausura\u00a0y<\/p>\n","protected":false},"author":1,"featured_media":34588,"comment_status":"closed","ping_status":"closed","sticky":false,"template":"","format":"standard","meta":{"footnotes":"","jetpack_publicize_message":"","jetpack_publicize_feature_enabled":true,"jetpack_social_post_already_shared":true,"jetpack_social_options":{"image_generator_settings":{"template":"highway","enabled":false},"version":2}},"categories":[9],"tags":[],"class_list":["post-34587","post","type-post","status-publish","format-standard","has-post-thumbnail","hentry","category-deportes"],"jetpack_publicize_connections":[],"_links":{"self":[{"href":"https:\/\/diariorepublica.com.ar\/web\/index.php\/wp-json\/wp\/v2\/posts\/34587"}],"collection":[{"href":"https:\/\/diariorepublica.com.ar\/web\/index.php\/wp-json\/wp\/v2\/posts"}],"about":[{"href":"https:\/\/diariorepublica.com.ar\/web\/index.php\/wp-json\/wp\/v2\/types\/post"}],"author":[{"embeddable":true,"href":"https:\/\/diariorepublica.com.ar\/web\/index.php\/wp-json\/wp\/v2\/users\/1"}],"replies":[{"embeddable":true,"href":"https:\/\/diariorepublica.com.ar\/web\/index.php\/wp-json\/wp\/v2\/comments?post=34587"}],"version-history":[{"count":1,"href":"https:\/\/diariorepublica.com.ar\/web\/index.php\/wp-json\/wp\/v2\/posts\/34587\/revisions"}],"predecessor-version":[{"id":34589,"href":"https:\/\/diariorepublica.com.ar\/web\/index.php\/wp-json\/wp\/v2\/posts\/34587\/revisions\/34589"}],"wp:featuredmedia":[{"embeddable":true,"href":"https:\/\/diariorepublica.com.ar\/web\/index.php\/wp-json\/wp\/v2\/media\/34588"}],"wp:attachment":[{"href":"https:\/\/diariorepublica.com.ar\/web\/index.php\/wp-json\/wp\/v2\/media?parent=34587"}],"wp:term":[{"taxonomy":"category","embeddable":true,"href":"https:\/\/diariorepublica.com.ar\/web\/index.php\/wp-json\/wp\/v2\/categories?post=34587"},{"taxonomy":"post_tag","embeddable":true,"href":"https:\/\/diariorepublica.com.ar\/web\/index.php\/wp-json\/wp\/v2\/tags?post=34587"}],"curies":[{"name":"wp","href":"https:\/\/api.w.org\/{rel}","templated":true}]}}