{"id":34596,"date":"2026-09-01T08:49:53","date_gmt":"2026-09-01T11:49:53","guid":{"rendered":"https:\/\/diariorepublica.com.ar\/web\/?p=34596"},"modified":"2026-09-01T08:49:56","modified_gmt":"2026-09-01T11:49:56","slug":"milei-presento-su-declaracion-jurada","status":"publish","type":"post","link":"https:\/\/diariorepublica.com.ar\/web\/index.php\/politica\/2026\/09\/01\/milei-presento-su-declaracion-jurada\/","title":{"rendered":"Milei present\u00f3 su declaraci\u00f3n jurada"},"content":{"rendered":"<article id=\"article-post\" class=\"first\">\n<div class=\"cuerpo\" data-twitter-link=\"https:\/\/twitter.com\/intent\/tweet?url=https:\/\/www.diariopopular.com.ar\/c917476&amp;via=poopulardiario&amp;related=Popular&amp;text=\">\n<p id=\"p-1788215803073-32730\"><strong>El presidente Javier Milei\u00a0<\/strong>present\u00f3 su declaraci\u00f3n jurada correspondiente al a\u00f1o 2025 ante la\u00a0<strong>Oficina Anticorrupci\u00f3n<\/strong>\u00a0y los n\u00fameros mostraron un crecimiento de su patrimonio del 43,3% nominal en su segundo a\u00f1o de gesti\u00f3n.<\/p>\n<\/div>\n<\/article>\n<article id=\"article-post\">\n<div class=\"cuerpo\" data-twitter-link=\"#TWEMBEDLINK#\">\n<p id=\"p-1788215803073-46380\">Acorde con el documento, los bienes, dep\u00f3sitos y dinero del presidente aumentaron de<strong>\u00a0$206.046.375,48\u00a0<\/strong>al comienzo de 2025 a<strong>\u00a0$295.182.652,87<\/strong> al cierre de ese a\u00f1o, es decir, un incremento de $89,1 millones.<\/p>\n<\/div>\n<\/article>\n<article id=\"article-post\">\n<div class=\"cuerpo\" data-twitter-link=\"#TWEMBEDLINK#\">\n<p id=\"p-1788215803073-92930\">Al mismo tiempo, el jefe de Estado registr\u00f3 una deuda de $586.357 con el\u00a0<strong>Banco Supervielle,<\/strong>\u00a0mora que no ten\u00eda hace doce meses atr\u00e1s.<\/p>\n<\/div>\n<\/article>\n<article id=\"article-post\">\n<div class=\"cuerpo\" data-twitter-link=\"#TWEMBEDLINK#\">\n<p id=\"p-1788215803073-50678\">Las cifras en la declaraci\u00f3n jurada del mandatario son las siguientes: $81.806.723,92, integrado por $48.792.217,80 de renta del trabajo personal y $45.083.979,43 de renta de empresas y auxiliares de comercio (previo a las deducciones). En cuanto a los gastos personales, subieron a $66.262.044,60.<\/p>\n<\/div>\n<\/article>\n<article id=\"article-post\">\n<div class=\"cuerpo\" data-twitter-link=\"#TWEMBEDLINK#\">\n<p id=\"p-1788215803073-15702\"><strong>En cuanto a los bienes, Milei no incorpor\u00f3 bienes nuevos, por lo que present\u00f3 la revaluaci\u00f3n de los mismos activos que ya ten\u00eda. El inmueble de 100 metros cuadrados ubicado en la ciudad de Buenos Aires pas\u00f3 de una valuaci\u00f3n de $38.419.071,20 a $73.573.546,13.<\/strong><\/p>\n<p id=\"p-1788215803073-47938\">Los dos veh\u00edculos: una camioneta Mercedes Benz Sprinter y un Peugeot RCZ Coup\u00e9 conservaron su valuaci\u00f3n en $20.173.600 y $16.254.200, respectivamente.<\/p>\n<p id=\"p-1788215803073-3876\">Al mismo tiempo aument\u00f3 el valor en pesos de sus tenencias en d\u00f3lares: US$65.562 en una caja de ahorro y US$20.000 en efectivo, que pasaron de valuarse a un tipo de cambio de $1029 a uno de $1446 por el cambio del d\u00f3lar entre el principio y el final del a\u00f1o.<\/p>\n<p id=\"p-1788215803073-78093\">La\u00a0<strong>hermana del presidente y secretaria de Presidencia, Karina Milei,<\/strong>\u00a0tambi\u00e9n present\u00f3 su declaraci\u00f3n jurada y aqu\u00ed se observa un incremento del patrimonio m\u00e1s pronunciado en t\u00e9rminos porcentuales, pero un monto mucho menor. Sus bienes, dep\u00f3sitos y dinero aumentaron de $11.401.021,93 a $35.312.784,57,\u00a0<strong>una suba del 210%.<\/strong><\/p>\n<p id=\"p-1788215803073-28208\">La raz\u00f3n principal de esa alza es la revaluaci\u00f3n de la propiedad de 150 metros cuadrados con cochera que la funcionaria posee en Vicente L\u00f3pez, provincia de Buenos Aires, y que declara como su casa habitaci\u00f3n desde 2011.<\/p>\n<p id=\"p-1788215803073-27772\">La valuaci\u00f3n de ese inmueble pas\u00f3 de $3.992.825,14 a $28.162.492,74, una diferencia de $24,17 millones, que explica la totalidad del incremento patrimonial, debido a que, en los dem\u00e1s bienes (dep\u00f3sitos, efectivo y cr\u00e9ditos impositivos) se registraron variaciones menores y hasta bajas.<\/p>\n<p id=\"p-1788215803073-58487\">Karina Milei declar\u00f3 ingresos netos por $33.124.206,02 e indic\u00f3 que todos corresponden a la renta del trabajo personal, y gastos personales por $33.688.374,25.<\/p>\n<p id=\"p-1788215803073-46685\">Las deudas de la hermana del mandatario tambi\u00e9n crecieron: la que tiene con el Industrial and Commercial Bank of China pas\u00f3 de $59.220 a $60.374, y la que mantiene con el Banco Santander, de $782.741 a $909.097. En total, las deudas de la funcionaria aumentaron de $841.961 a $969.471 durante el 2025.<\/p>\n<p id=\"p-1788215803074-66821\">Adem\u00e1s, en la declaraci\u00f3n, Karina Milei sum\u00f3 una cuenta de pago de una billetera virtual por $3.852.216, que no estaba en la presentaci\u00f3n del a\u00f1o anterior.<\/p>\n<p id=\"p-1788215803074-46794\"><strong>El ministro de Econom\u00eda, Luis Caputo,<\/strong>\u00a0present\u00f3 su declaraci\u00f3n jurada el fin de semana e indic\u00f3 un patrimonio que aument\u00f3 de $11.851 millones a $19.209 millones, una suba del 62% en pesos.<\/p>\n<p id=\"p-1788215803074-97762\">Respecto a sus dep\u00f3sitos bancarios, la suma declarada es $12.730 millones y el 97%, $12.422 millones se encuentran en el exterior, mayoritariamente en una \u00fanica cuenta en Estados Unidos en la que hay $11.739 millones. Adem\u00e1s, Caputo declar\u00f3 gastos personales por $237 millones durante el 2025.<\/p>\n<\/div>\n<\/article>\n","protected":false},"excerpt":{"rendered":"<p>El presidente Javier Milei\u00a0present\u00f3 su declaraci\u00f3n jurada correspondiente al a\u00f1o 2025 ante la\u00a0Oficina Anticorrupci\u00f3n\u00a0y los n\u00fameros mostraron un crecimiento de<\/p>\n","protected":false},"author":1,"featured_media":34597,"comment_status":"closed","ping_status":"closed","sticky":false,"template":"","format":"standard","meta":{"footnotes":"","jetpack_publicize_message":"","jetpack_publicize_feature_enabled":true,"jetpack_social_post_already_shared":true,"jetpack_social_options":{"image_generator_settings":{"template":"highway","enabled":false},"version":2}},"categories":[12],"tags":[],"class_list":["post-34596","post","type-post","status-publish","format-standard","has-post-thumbnail","hentry","category-politica"],"jetpack_publicize_connections":[],"_links":{"self":[{"href":"https:\/\/diariorepublica.com.ar\/web\/index.php\/wp-json\/wp\/v2\/posts\/34596"}],"collection":[{"href":"https:\/\/diariorepublica.com.ar\/web\/index.php\/wp-json\/wp\/v2\/posts"}],"about":[{"href":"https:\/\/diariorepublica.com.ar\/web\/index.php\/wp-json\/wp\/v2\/types\/post"}],"author":[{"embeddable":true,"href":"https:\/\/diariorepublica.com.ar\/web\/index.php\/wp-json\/wp\/v2\/users\/1"}],"replies":[{"embeddable":true,"href":"https:\/\/diariorepublica.com.ar\/web\/index.php\/wp-json\/wp\/v2\/comments?post=34596"}],"version-history":[{"count":1,"href":"https:\/\/diariorepublica.com.ar\/web\/index.php\/wp-json\/wp\/v2\/posts\/34596\/revisions"}],"predecessor-version":[{"id":34598,"href":"https:\/\/diariorepublica.com.ar\/web\/index.php\/wp-json\/wp\/v2\/posts\/34596\/revisions\/34598"}],"wp:featuredmedia":[{"embeddable":true,"href":"https:\/\/diariorepublica.com.ar\/web\/index.php\/wp-json\/wp\/v2\/media\/34597"}],"wp:attachment":[{"href":"https:\/\/diariorepublica.com.ar\/web\/index.php\/wp-json\/wp\/v2\/media?parent=34596"}],"wp:term":[{"taxonomy":"category","embeddable":true,"href":"https:\/\/diariorepublica.com.ar\/web\/index.php\/wp-json\/wp\/v2\/categories?post=34596"},{"taxonomy":"post_tag","embeddable":true,"href":"https:\/\/diariorepublica.com.ar\/web\/index.php\/wp-json\/wp\/v2\/tags?post=34596"}],"curies":[{"name":"wp","href":"https:\/\/api.w.org\/{rel}","templated":true}]}}