{"id":34599,"date":"2026-09-01T08:51:19","date_gmt":"2026-09-01T11:51:19","guid":{"rendered":"https:\/\/diariorepublica.com.ar\/web\/?p=34599"},"modified":"2026-09-01T08:51:21","modified_gmt":"2026-09-01T11:51:21","slug":"caputo-se-reune-con-scott-bessent-para-reforzar-la-alianza-entre-milei-y-trump","status":"publish","type":"post","link":"https:\/\/diariorepublica.com.ar\/web\/index.php\/politica\/2026\/09\/01\/caputo-se-reune-con-scott-bessent-para-reforzar-la-alianza-entre-milei-y-trump\/","title":{"rendered":"Caputo se re\u00fane con Scott Bessent para reforzar la alianza entre Milei y Trump"},"content":{"rendered":"<p>El ministro de Econom\u00eda, Luis Caputo, se reunir\u00e1 este martes con el secretario del Tesoro de los Estados Unidos, Scott Bessent, en el marco de la cumbre de Finanzas del G20.<\/p>\n<p>La reuni\u00f3n, que se celebrar\u00e1 en las oficinas de Bessent en el hotel The Omni Grove Park Inn, tiene como objetivo primordial ratificar la sinton\u00eda ideol\u00f3gica y los v\u00ednculos geopol\u00edticos que unen a las administraciones de Javier Milei y Donald Trump.<\/p>\n<p>El respaldo pol\u00edtico del gobierno republicano hacia la gesti\u00f3n libertaria ya qued\u00f3 en evidencia anoche durante la cena oficial del foro, ya que Bessent sent\u00f3 a Caputo en su mesa principal junto a los representantes de Italia, Francia, Jap\u00f3n y Polonia.<\/p>\n<p>Para la reuni\u00f3n de trabajo de hoy, el ministro argentino estar\u00e1 acompa\u00f1ado por una comitiva integrada por el secretario de Pol\u00edtica Econ\u00f3mica, Jos\u00e9 Luis Daza, junto al presidente y vicepresidente del Banco Central, Santiago Bausili y Vladimir Werning, respectivamente.<\/p>\n<p>Bessent se ha consolidado como un engranaje fundamental en la relaci\u00f3n privilegiada construida entre Milei y Trump, tras haber instrumentado el respaldo al programa econ\u00f3mico argentino cuando el plan comenz\u00f3 a implementarse, y su influencia fue clave para destrabar objeciones t\u00e9cnicas del Fondo Monetario Internacional (FMI).<\/p>\n<p>M\u00e1s all\u00e1 de aquel apoyo, las conversaciones de hoy transcurren en un escenario internacional complejo, afectado por la crisis en Medio Oriente. En este tablero global, Bessent juega un papel esencial como dise\u00f1ador de las sanciones comerciales contra Ir\u00e1n y en la aplicaci\u00f3n de medidas para contener la inflaci\u00f3n de su pa\u00eds.<\/p>\n<p>Para la delegaci\u00f3n argentina, la reuni\u00f3n representa una oportunidad para vislumbrar los pr\u00f3ximos pasos de la gesti\u00f3n republicana, especialmente de cara a las elecciones de medio t\u00e9rmino en Estados Unidos. El gobierno libertario es consciente de que una eventual derrota de Trump en noviembre podr\u00eda alterar los niveles de cooperaci\u00f3n estrat\u00e9gica de Washington con Buenos Aires.<\/p>\n<p>Mientras tanto, en las sesiones generales del foro, Caputo defendi\u00f3 firmemente el programa de ajuste del Gobierno, remarcando que la inversi\u00f3n privada y la menor intervenci\u00f3n estatal deben ser los motores exclusivos del crecimiento.<\/p>\n<p>Esta postura fue celebrada p\u00fablicamente por la directora gerente del FMI, Kristalina Georgieva, quien elogi\u00f3 la \u00abimpresionante recuperaci\u00f3n econ\u00f3mica\u00bb del pa\u00eds producto de \u00abbuenas pol\u00edticas\u00bb. Tras concluir su agenda bilateral con Bessent, el ministro de Econom\u00eda emprender\u00e1 el regreso directo a Buenos Aires.<\/p>\n","protected":false},"excerpt":{"rendered":"<p>El ministro de Econom\u00eda, Luis Caputo, se reunir\u00e1 este martes con el secretario del Tesoro de los Estados Unidos, Scott<\/p>\n","protected":false},"author":1,"featured_media":34600,"comment_status":"closed","ping_status":"closed","sticky":false,"template":"","format":"standard","meta":{"footnotes":"","jetpack_publicize_message":"","jetpack_publicize_feature_enabled":true,"jetpack_social_post_already_shared":true,"jetpack_social_options":{"image_generator_settings":{"template":"highway","enabled":false},"version":2}},"categories":[12],"tags":[],"class_list":["post-34599","post","type-post","status-publish","format-standard","has-post-thumbnail","hentry","category-politica"],"jetpack_publicize_connections":[],"_links":{"self":[{"href":"https:\/\/diariorepublica.com.ar\/web\/index.php\/wp-json\/wp\/v2\/posts\/34599"}],"collection":[{"href":"https:\/\/diariorepublica.com.ar\/web\/index.php\/wp-json\/wp\/v2\/posts"}],"about":[{"href":"https:\/\/diariorepublica.com.ar\/web\/index.php\/wp-json\/wp\/v2\/types\/post"}],"author":[{"embeddable":true,"href":"https:\/\/diariorepublica.com.ar\/web\/index.php\/wp-json\/wp\/v2\/users\/1"}],"replies":[{"embeddable":true,"href":"https:\/\/diariorepublica.com.ar\/web\/index.php\/wp-json\/wp\/v2\/comments?post=34599"}],"version-history":[{"count":1,"href":"https:\/\/diariorepublica.com.ar\/web\/index.php\/wp-json\/wp\/v2\/posts\/34599\/revisions"}],"predecessor-version":[{"id":34601,"href":"https:\/\/diariorepublica.com.ar\/web\/index.php\/wp-json\/wp\/v2\/posts\/34599\/revisions\/34601"}],"wp:featuredmedia":[{"embeddable":true,"href":"https:\/\/diariorepublica.com.ar\/web\/index.php\/wp-json\/wp\/v2\/media\/34600"}],"wp:attachment":[{"href":"https:\/\/diariorepublica.com.ar\/web\/index.php\/wp-json\/wp\/v2\/media?parent=34599"}],"wp:term":[{"taxonomy":"category","embeddable":true,"href":"https:\/\/diariorepublica.com.ar\/web\/index.php\/wp-json\/wp\/v2\/categories?post=34599"},{"taxonomy":"post_tag","embeddable":true,"href":"https:\/\/diariorepublica.com.ar\/web\/index.php\/wp-json\/wp\/v2\/tags?post=34599"}],"curies":[{"name":"wp","href":"https:\/\/api.w.org\/{rel}","templated":true}]}}