{"id":34602,"date":"2026-09-01T08:54:27","date_gmt":"2026-09-01T11:54:27","guid":{"rendered":"https:\/\/diariorepublica.com.ar\/web\/?p=34602"},"modified":"2026-09-01T08:55:26","modified_gmt":"2026-09-01T11:55:26","slug":"gobierno-y-circulo-medico-trabajan-en-conjunto-para-mejorar-las-prestaciones-medicas","status":"publish","type":"post","link":"https:\/\/diariorepublica.com.ar\/web\/index.php\/locales\/2026\/09\/01\/gobierno-y-circulo-medico-trabajan-en-conjunto-para-mejorar-las-prestaciones-medicas\/","title":{"rendered":"Gobierno y C\u00edrculo M\u00e9dico trabajan en conjunto para mejorar las prestaciones m\u00e9dicas"},"content":{"rendered":"<p>El gobernador Ra\u00fal recibi\u00f3 a las principales autoridades del C\u00edrculo M\u00e9dico Catamarca, quienes llevaron un planteo general para mejorar las prestaciones m\u00e9dicas del sistema de salud p\u00fablico y privado.<\/p>\n<p>En la ocasi\u00f3n, tambi\u00e9n se cont\u00f3 con la presencia de la ministra de Salud, Johana Carrizo, y el director de la OSEP, Leopoldo Marchetti, con quienes se defini\u00f3 que se llevar\u00e1 adelante un profundo an\u00e1lisis integral del funcionamiento del sistema de salud.<\/p>\n<p>Otro de los temas importantes en los que coincidieron fue en reforzar los controles de certificados m\u00e9dicos y licencias, ya que el sistema educativo alcanza una inasistencia del 18% lo que representa una erogaci\u00f3n extra por mes para el Estado provincial en suplencias.<\/p>\n<p>Por \u00faltimo, las partes acordaron reunirse cada 15 d\u00edas y definir equipos de trabajo para llevar adelante la supervisi\u00f3n de las pr\u00e1cticas y prestaciones m\u00e9dicas.<\/p>\n<p>De la reuni\u00f3n tambi\u00e9n formaron parte los ministros de Gobierno, Seguridad y Justicia, Alberto Natella; de Hacienda y Obra P\u00fablica, Juan Marchetti, y de Educaci\u00f3n y Trabajo, Ver\u00f3nica Soria.<\/p>\n","protected":false},"excerpt":{"rendered":"<p>El gobernador Ra\u00fal recibi\u00f3 a las principales autoridades del C\u00edrculo M\u00e9dico Catamarca, quienes llevaron un planteo general para mejorar las<\/p>\n","protected":false},"author":1,"featured_media":34603,"comment_status":"closed","ping_status":"closed","sticky":false,"template":"","format":"standard","meta":{"footnotes":"","jetpack_publicize_message":"","jetpack_publicize_feature_enabled":true,"jetpack_social_post_already_shared":true,"jetpack_social_options":{"image_generator_settings":{"template":"highway","enabled":false},"version":2}},"categories":[2],"tags":[],"class_list":["post-34602","post","type-post","status-publish","format-standard","has-post-thumbnail","hentry","category-locales"],"jetpack_publicize_connections":[],"_links":{"self":[{"href":"https:\/\/diariorepublica.com.ar\/web\/index.php\/wp-json\/wp\/v2\/posts\/34602"}],"collection":[{"href":"https:\/\/diariorepublica.com.ar\/web\/index.php\/wp-json\/wp\/v2\/posts"}],"about":[{"href":"https:\/\/diariorepublica.com.ar\/web\/index.php\/wp-json\/wp\/v2\/types\/post"}],"author":[{"embeddable":true,"href":"https:\/\/diariorepublica.com.ar\/web\/index.php\/wp-json\/wp\/v2\/users\/1"}],"replies":[{"embeddable":true,"href":"https:\/\/diariorepublica.com.ar\/web\/index.php\/wp-json\/wp\/v2\/comments?post=34602"}],"version-history":[{"count":1,"href":"https:\/\/diariorepublica.com.ar\/web\/index.php\/wp-json\/wp\/v2\/posts\/34602\/revisions"}],"predecessor-version":[{"id":34604,"href":"https:\/\/diariorepublica.com.ar\/web\/index.php\/wp-json\/wp\/v2\/posts\/34602\/revisions\/34604"}],"wp:featuredmedia":[{"embeddable":true,"href":"https:\/\/diariorepublica.com.ar\/web\/index.php\/wp-json\/wp\/v2\/media\/34603"}],"wp:attachment":[{"href":"https:\/\/diariorepublica.com.ar\/web\/index.php\/wp-json\/wp\/v2\/media?parent=34602"}],"wp:term":[{"taxonomy":"category","embeddable":true,"href":"https:\/\/diariorepublica.com.ar\/web\/index.php\/wp-json\/wp\/v2\/categories?post=34602"},{"taxonomy":"post_tag","embeddable":true,"href":"https:\/\/diariorepublica.com.ar\/web\/index.php\/wp-json\/wp\/v2\/tags?post=34602"}],"curies":[{"name":"wp","href":"https:\/\/api.w.org\/{rel}","templated":true}]}}