{"id":34605,"date":"2026-09-01T11:06:56","date_gmt":"2026-09-01T14:06:56","guid":{"rendered":"https:\/\/diariorepublica.com.ar\/web\/?p=34605"},"modified":"2026-09-01T11:06:58","modified_gmt":"2026-09-01T14:06:58","slug":"el-instituto-municipal-de-emprendedores-abrio-la-inscripcion-para-una-nueva-capacitacion-gratuita-en-educacion-financiera","status":"publish","type":"post","link":"https:\/\/diariorepublica.com.ar\/web\/index.php\/sociedad\/2026\/09\/01\/el-instituto-municipal-de-emprendedores-abrio-la-inscripcion-para-una-nueva-capacitacion-gratuita-en-educacion-financiera\/","title":{"rendered":"El Instituto Municipal de Emprendedores abri\u00f3 la inscripci\u00f3n para una nueva capacitaci\u00f3n gratuita en educaci\u00f3n financiera"},"content":{"rendered":"<p>La Municipalidad de la Capital, a trav\u00e9s del\u00a0<b>Instituto Municipal de Emprendedores (IME)<\/b>, habilit\u00f3 las inscripciones para un nuevo trayecto formativo virtual dise\u00f1ado para fortalecer la administraci\u00f3n y la toma de decisiones econ\u00f3micas de los emprendedores y vecinos de la ciudad. La propuesta, desarrollada bajo una modalidad 100 % en l\u00ednea y gratuita, se concreta a partir de una articulaci\u00f3n estrat\u00e9gica con instituciones y entidades de alcance nacional.<\/p>\n<p>En conjunto con el\u00a0<b>Banco Galicia<\/b>, la\u00a0<b>Fundaci\u00f3n Eidos Global<\/b>\u00a0y la\u00a0<b>Universidad de Buenos Aires (UBA)<\/b>, el organismo comunal pone a disposici\u00f3n el programa\u00a0<b>\u00abFinanzas a Mano\u00bb<\/b>. Esta iniciativa de formaci\u00f3n ofrece un esquema flexible y a ritmo propio centrado en el ordenamiento de los recursos, la planificaci\u00f3n presupuestaria y la gesti\u00f3n financiera cotidiana. Cabe destacar que el curso cuenta con certificaci\u00f3n oficial avalada por las prestigiosas instituciones organizadoras.<\/p>\n<p>Las inscripciones ya se encuentran disponibles para toda la comunidad y pueden realizarse completando el formulario digital habilitado en el enlace oficial (<a href=\"https:\/\/www.tfaforms.com\/5186635?tfa_412=tfa_1614\"><b>https:\/\/www.tfaforms.com\/5186635?tfa_412=tfa_1614<\/b><\/a>) o accediendo a las plataformas y redes sociales de la Municipalidad de la Capital y del Instituto Municipal de Emprendedores.<\/p>\n","protected":false},"excerpt":{"rendered":"<p>La Municipalidad de la Capital, a trav\u00e9s del\u00a0Instituto Municipal de Emprendedores (IME), habilit\u00f3 las inscripciones para un nuevo trayecto formativo<\/p>\n","protected":false},"author":1,"featured_media":34606,"comment_status":"closed","ping_status":"closed","sticky":false,"template":"","format":"standard","meta":{"footnotes":"","jetpack_publicize_message":"","jetpack_publicize_feature_enabled":true,"jetpack_social_post_already_shared":true,"jetpack_social_options":{"image_generator_settings":{"template":"highway","enabled":false},"version":2}},"categories":[3],"tags":[],"class_list":["post-34605","post","type-post","status-publish","format-standard","has-post-thumbnail","hentry","category-sociedad"],"jetpack_publicize_connections":[],"_links":{"self":[{"href":"https:\/\/diariorepublica.com.ar\/web\/index.php\/wp-json\/wp\/v2\/posts\/34605"}],"collection":[{"href":"https:\/\/diariorepublica.com.ar\/web\/index.php\/wp-json\/wp\/v2\/posts"}],"about":[{"href":"https:\/\/diariorepublica.com.ar\/web\/index.php\/wp-json\/wp\/v2\/types\/post"}],"author":[{"embeddable":true,"href":"https:\/\/diariorepublica.com.ar\/web\/index.php\/wp-json\/wp\/v2\/users\/1"}],"replies":[{"embeddable":true,"href":"https:\/\/diariorepublica.com.ar\/web\/index.php\/wp-json\/wp\/v2\/comments?post=34605"}],"version-history":[{"count":1,"href":"https:\/\/diariorepublica.com.ar\/web\/index.php\/wp-json\/wp\/v2\/posts\/34605\/revisions"}],"predecessor-version":[{"id":34607,"href":"https:\/\/diariorepublica.com.ar\/web\/index.php\/wp-json\/wp\/v2\/posts\/34605\/revisions\/34607"}],"wp:featuredmedia":[{"embeddable":true,"href":"https:\/\/diariorepublica.com.ar\/web\/index.php\/wp-json\/wp\/v2\/media\/34606"}],"wp:attachment":[{"href":"https:\/\/diariorepublica.com.ar\/web\/index.php\/wp-json\/wp\/v2\/media?parent=34605"}],"wp:term":[{"taxonomy":"category","embeddable":true,"href":"https:\/\/diariorepublica.com.ar\/web\/index.php\/wp-json\/wp\/v2\/categories?post=34605"},{"taxonomy":"post_tag","embeddable":true,"href":"https:\/\/diariorepublica.com.ar\/web\/index.php\/wp-json\/wp\/v2\/tags?post=34605"}],"curies":[{"name":"wp","href":"https:\/\/api.w.org\/{rel}","templated":true}]}}