{"id":34608,"date":"2026-09-01T11:11:40","date_gmt":"2026-09-01T14:11:40","guid":{"rendered":"https:\/\/diariorepublica.com.ar\/web\/?p=34608"},"modified":"2026-09-01T11:11:43","modified_gmt":"2026-09-01T14:11:43","slug":"javier-milei-celebro-los-dichos-de-donald-trump-sobre-las-islas-malvinas-paso-algo-muy-fuerte","status":"publish","type":"post","link":"https:\/\/diariorepublica.com.ar\/web\/index.php\/nacionales\/2026\/09\/01\/javier-milei-celebro-los-dichos-de-donald-trump-sobre-las-islas-malvinas-paso-algo-muy-fuerte\/","title":{"rendered":"Javier Milei celebr\u00f3 los dichos de Donald Trump sobre las Islas Malvinas: \u00abPas\u00f3 algo muy fuerte\u00bb"},"content":{"rendered":"<article class=\"article-body article-body--first-paragraph\" data-td-script-src=\"https:\/\/www.ambito.com\/td\/modulos\/encuestas\/js\/function-embeds-min-version-1788235717.js\">\n<p id=\"p-1788265831998-40730\">El presidente Javier Milei habl\u00f3 de los dichos de Donald Trump, que el pasado lunes asegur\u00f3 que estaba dispuesto a \u00abrevistar la postura\u00bb hist\u00f3rica que tiene Estados Unidos sobre el conflicto por\u00a0la soberan\u00eda de las Islas Malvinas: \u00abAyer pas\u00f3\u00a0<strong>algo muy fuerte respecto a la causa m\u00e1s importante y sagrada que tenemos los argentinos\u201d<\/strong>, destac\u00f3 el l\u00edder libertario.<\/p>\n<\/article>\n<article class=\"article-body article-body--second-paragraph\">\n<p id=\"p-1788266359463-37794\">El revuelo se origin\u00f3 luego de que Trump sea consultado sobre la postura de su pa\u00eds sobre el conflicto. Actualmente, EEUU mantiene una posici\u00f3n de\u00a0<strong>neutralidad<\/strong>\u00a0y reconoce que existen dos reclamos contrapuestos y una administraci\u00f3n de facto brit\u00e1nica sobre el archipi\u00e9lago.\u00a0<strong>\u201cSiempre la reviso. Es as\u00ed con todas las posiciones. Esa es solo una de muchas\u201d,\u00a0<\/strong>respondi\u00f3 el l\u00edder de la Casa Blanca.<\/p>\n<article class=\"article-body article-body--third-paragraph\">\n<p id=\"p-1788266375747-45037\">En declaraciones al periodista Luis Gasulla en radio El Observador, Milei adelant\u00f3 que hablar\u00e1n de los dichos de Trump y los movimientos en el tablero geopol\u00edtico durante la reuni\u00f3n de Gabinete convocada para este martes por la ma\u00f1ana.<\/p>\n<\/article>\n<article class=\"article-body article-body--fourth-paragraph\">\n<p id=\"p-1788266856729-97443\" class=\"\">Sobre el c\u00f3nclave con sus ministros, el Presidente detall\u00f3 que uno de los ejes del encuentro ser\u00e1 el an\u00e1lisis de un art\u00edculo escrito por el\u00a0<strong>ministro de Desregulaci\u00f3n y Transformaci\u00f3n del Estado, Federico Sturzenegger<\/strong>. Seg\u00fan explic\u00f3, el funcionario plantea una comparaci\u00f3n entre los\u00a0<strong>resultados de la gesti\u00f3n y las interpretaciones difundidas por distintos medios.<\/strong><\/p>\n<\/article>\n<article class=\"article-body article-body--fifth-paragraph\">\n<p id=\"p-1788266856729-51480\" class=\"\">Milei sostuvo que Sturzenegger expone, a partir de\u00a0<strong>siete variables<\/strong>, las diferencias entre los logros del Gobierno y lo que calific\u00f3 como \u201c<strong>mentiras<\/strong>\u201d difundidas por periodistas y medios de comunicaci\u00f3n. En ese sentido, afirm\u00f3 que existen sectores que\u00a0<strong>\u201cno quieren que a la Argentina le vaya bien\u201d<\/strong>.<\/p>\n<\/article>\n<article class=\"article-body article-body--remaining-paragraph\">\n<p id=\"p-1788266856729-92891\">El Presidente tambi\u00e9n adelant\u00f3 que durante el encuentro se analizar\u00e1 la situaci\u00f3n internacional y, especialmente, lo ocurrido en las \u00faltimas horas en torno a\u00a0<strong>Malvinas<\/strong>, a la que defini\u00f3 como\u00a0<strong>\u201cla causa m\u00e1s importante y sagrada que tenemos los argentinos\u201d<\/strong>. Luego, los funcionarios realizar\u00e1n el habitual repaso de las cuestiones correspondientes a cada ministerio.<\/p>\n<p id=\"p-1788266649460-29868\" class=\"\">Frente a periodistas en el Sal\u00f3n Oval, Trump se refiri\u00f3 a la situaci\u00f3n de su aliado hist\u00f3rico:\u00a0<strong>\u201cEl Reino Unido tiene algunos problemas, pero se resolver\u00e1n\u201d<\/strong>. La declaraci\u00f3n dej\u00f3 abierta la posibilidad de que la administraci\u00f3n estadounidense vuelva a evaluar su posici\u00f3n frente al hist\u00f3rico conflicto, aunque el mandatario\u00a0<strong>no confirm\u00f3 ning\u00fan cambio concreto<\/strong>\u00a0en la pol\u00edtica de Washington.<\/p>\n<p id=\"p-1788266649460-52422\" class=\"\">Seg\u00fan inform\u00f3\u00a0<em>The Telegraph<\/em>, funcionarios del Pent\u00e1gono habr\u00edan analizado incluso la posibilidad de modificar la postura estadounidense sobre las Malvinas como una herramienta para incentivar a los pa\u00edses aliados de la\u00a0<strong>OTAN<\/strong>\u00a0a elevar su gasto militar.<\/p>\n<p id=\"p-1788266649460-51945\" class=\"\">Actualmente, EEUU sostiene una posici\u00f3n de\u00a0<strong>neutralidad<\/strong>\u00a0respecto del reclamo de soberan\u00eda argentino y brit\u00e1nico. El Departamento de Estado reconoci\u00f3 la existencia de\u00a0<strong>reclamos contrapuestos<\/strong>\u00a0y la administraci\u00f3n de facto brit\u00e1nica sobre las islas, pero se\u00f1al\u00f3 que Washington no adopta una postura a favor de ninguna de las dos partes.<\/p>\n<p id=\"p-1788266649460-14908\" class=\"\">Una eventual modificaci\u00f3n de esa posici\u00f3n tendr\u00eda una fuerte relevancia diplom\u00e1tica para Argentina y, al mismo tiempo, podr\u00eda generar un impacto en la\u00a0<strong>relaci\u00f3n entre Washington y Londres<\/strong>, dos hist\u00f3ricos aliados.<\/p>\n<p id=\"p-1788266649460-62381\" class=\"\">El tema ya hab\u00eda generado repercusiones en abril, cuando trascendi\u00f3 un correo electr\u00f3nico interno del Pent\u00e1gono que contemplaba distintas opciones para presionar a aliados de la OTAN. Entre ellas aparec\u00eda la posibilidad de\u00a0<strong>suspender el respaldo estadounidense al Reino Unido en su disputa con Argentina por las Malvinas<\/strong>.<\/p>\n<p id=\"p-1788266649460-28133\">En aquella oportunidad, el secretario de Estado,\u00a0<strong>Marco Rubio<\/strong>, minimiz\u00f3 el alcance del documento y lo calific\u00f3 como\u00a0<strong>\u201ctan solo un correo electr\u00f3nico\u201d<\/strong>\u00a0con distintas ideas. El Departamento de Estado tambi\u00e9n hab\u00eda ratificado entonces la postura de neutralidad de Washington.<\/p>\n<p id=\"p-1788266649460-81960\" class=\"\">Ante los \u00faltimos dichos de la Casa Blanca,\u00a0<strong>el gobierno del Reino Unido ratific\u00f3 su posici\u00f3n sobre las Islas Malvinas<\/strong>. El secretario de Defensa brit\u00e1nico,\u00a0<strong>John Healey<\/strong>, afirm\u00f3 que no recibi\u00f3\u00a0<strong>\u00abninguna sugerencia\u00bb<\/strong>\u00a0de funcionarios estadounidenses despu\u00e9s de las declaraciones de Trump y asegur\u00f3 que Londres mantiene su postura sobre el archipi\u00e9lago.<\/p>\n<p id=\"p-1788266649460-95311\" class=\"\"><strong>\u00abLas islas Malvinas son brit\u00e1nicas y seguir\u00e1n siendo brit\u00e1nicas mientras las islas Malvinas as\u00ed lo deseen\u00bb,<\/strong>\u00a0remarc\u00f3 Healey en declaraciones a\u00a0<em>The Times<\/em>.<\/p>\n<p id=\"p-1788266649460-51817\" class=\"\">Healey fue el primer funcionario brit\u00e1nico en pronunciarse sobre la cuesti\u00f3n de las Malvinas despu\u00e9s de las declaraciones del presidente estadounidense. La respuesta se produjo en un momento de tensi\u00f3n entre\u00a0<strong>Washington y Londres<\/strong>\u00a0por las exigencias de EEUU para que sus aliados de la\u00a0<strong>OTAN<\/strong>\u00a0incrementen el gasto en Defensa.<\/p>\n<p>ambito.com<\/p>\n<\/article>\n<\/article>\n","protected":false},"excerpt":{"rendered":"<p>El presidente Javier Milei habl\u00f3 de los dichos de Donald Trump, que el pasado lunes asegur\u00f3 que estaba dispuesto a<\/p>\n","protected":false},"author":1,"featured_media":34609,"comment_status":"closed","ping_status":"closed","sticky":false,"template":"","format":"standard","meta":{"footnotes":"","jetpack_publicize_message":"","jetpack_publicize_feature_enabled":true,"jetpack_social_post_already_shared":true,"jetpack_social_options":{"image_generator_settings":{"template":"highway","enabled":false},"version":2}},"categories":[4],"tags":[],"class_list":["post-34608","post","type-post","status-publish","format-standard","has-post-thumbnail","hentry","category-nacionales"],"jetpack_publicize_connections":[],"_links":{"self":[{"href":"https:\/\/diariorepublica.com.ar\/web\/index.php\/wp-json\/wp\/v2\/posts\/34608"}],"collection":[{"href":"https:\/\/diariorepublica.com.ar\/web\/index.php\/wp-json\/wp\/v2\/posts"}],"about":[{"href":"https:\/\/diariorepublica.com.ar\/web\/index.php\/wp-json\/wp\/v2\/types\/post"}],"author":[{"embeddable":true,"href":"https:\/\/diariorepublica.com.ar\/web\/index.php\/wp-json\/wp\/v2\/users\/1"}],"replies":[{"embeddable":true,"href":"https:\/\/diariorepublica.com.ar\/web\/index.php\/wp-json\/wp\/v2\/comments?post=34608"}],"version-history":[{"count":1,"href":"https:\/\/diariorepublica.com.ar\/web\/index.php\/wp-json\/wp\/v2\/posts\/34608\/revisions"}],"predecessor-version":[{"id":34610,"href":"https:\/\/diariorepublica.com.ar\/web\/index.php\/wp-json\/wp\/v2\/posts\/34608\/revisions\/34610"}],"wp:featuredmedia":[{"embeddable":true,"href":"https:\/\/diariorepublica.com.ar\/web\/index.php\/wp-json\/wp\/v2\/media\/34609"}],"wp:attachment":[{"href":"https:\/\/diariorepublica.com.ar\/web\/index.php\/wp-json\/wp\/v2\/media?parent=34608"}],"wp:term":[{"taxonomy":"category","embeddable":true,"href":"https:\/\/diariorepublica.com.ar\/web\/index.php\/wp-json\/wp\/v2\/categories?post=34608"},{"taxonomy":"post_tag","embeddable":true,"href":"https:\/\/diariorepublica.com.ar\/web\/index.php\/wp-json\/wp\/v2\/tags?post=34608"}],"curies":[{"name":"wp","href":"https:\/\/api.w.org\/{rel}","templated":true}]}}