{"id":34611,"date":"2026-09-01T12:16:04","date_gmt":"2026-09-01T15:16:04","guid":{"rendered":"https:\/\/diariorepublica.com.ar\/web\/?p=34611"},"modified":"2026-09-01T12:16:06","modified_gmt":"2026-09-01T15:16:06","slug":"capital-cerro-el-acuerdo-salarial-con-el-soem-2","status":"publish","type":"post","link":"https:\/\/diariorepublica.com.ar\/web\/index.php\/locales\/2026\/09\/01\/capital-cerro-el-acuerdo-salarial-con-el-soem-2\/","title":{"rendered":"Capital cerr\u00f3 el acuerdo salarial con el SOEM"},"content":{"rendered":"<p dir=\"ltr\">La Municipalidad de la Capital que conduce Gustavo Saadi y el Sindicato de Obreros y Empleados Municipales (SOEM), cerraron hoy un nuevo acuerdo salarial, rubricado en un acta por el secretario de Gobierno y Coordinaci\u00f3n, Germ\u00e1n Kranevitter, la secretaria de Hacienda Giselle Monjes y la secretaria general del gremio, Mar\u00eda Eugenia Varela.<\/p>\n<p dir=\"ltr\">Los principales t\u00e9rminos del acuerdo incluyen el otorgamiento un incremento salarial del doce por ciento (12%) en concepto de \u00ab2do Acuerdo Salarial 2.026\u00bb para todos los trabajadores que se rigen por la Ordenanza Municipal N\u00b01368\/86 E.O.E.M. y sus modificatorias, que se aplicar\u00e1 en forma acumulativa sobre todos los conceptos salariales vigentes y se har\u00e1 efectivo en tres cuotas: la primera del seis por ciento (6%) sobre los haberes del mes de septiembre de 2026 a pagarse en el mes de octubre de 2026, la segunda cuota del tres por ciento (3%) acumulativo, sobre los haberes del mes de noviembre de 2026 a pagarse en el mes de diciembre de 2026 y la tercera cuota del tres por ciento (3%) acumulativo, sobre los haberes de diciembre de 2.026 a pagarse en el mes de enero de 2027.<\/p>\n<p dir=\"ltr\">Por otra parte, el municipio se compromete a que una vez publicado el \u00cdndice de Precios al Consumidor (IPC) correspondiente al mes de diciembre de 2026, y, en caso de que la suma acumulada total de los porcentajes de aumento acordados entre las partes durante 2026 sea inferior al porcentaje total acumulado de inflaci\u00f3n de acuerdo con el 1PC correspondiente a los 12 meses de 2026, reconocer\u00e1 y otorgar\u00e1 de forma autom\u00e1tica la diferencia porcentual de incremento que surja entre ambos porcentajes.<\/p>\n<p dir=\"ltr\">Las partes acordaron finalmente que las negociaciones paritarias se reabrir\u00e1n durante el mes de febrero del a\u00f1o pr\u00f3ximo.<\/p>\n","protected":false},"excerpt":{"rendered":"<p>La Municipalidad de la Capital que conduce Gustavo Saadi y el Sindicato de Obreros y Empleados Municipales (SOEM), cerraron hoy<\/p>\n","protected":false},"author":1,"featured_media":34612,"comment_status":"closed","ping_status":"closed","sticky":false,"template":"","format":"standard","meta":{"footnotes":"","jetpack_publicize_message":"","jetpack_publicize_feature_enabled":true,"jetpack_social_post_already_shared":true,"jetpack_social_options":{"image_generator_settings":{"template":"highway","enabled":false},"version":2}},"categories":[2],"tags":[],"class_list":["post-34611","post","type-post","status-publish","format-standard","has-post-thumbnail","hentry","category-locales"],"jetpack_publicize_connections":[],"_links":{"self":[{"href":"https:\/\/diariorepublica.com.ar\/web\/index.php\/wp-json\/wp\/v2\/posts\/34611"}],"collection":[{"href":"https:\/\/diariorepublica.com.ar\/web\/index.php\/wp-json\/wp\/v2\/posts"}],"about":[{"href":"https:\/\/diariorepublica.com.ar\/web\/index.php\/wp-json\/wp\/v2\/types\/post"}],"author":[{"embeddable":true,"href":"https:\/\/diariorepublica.com.ar\/web\/index.php\/wp-json\/wp\/v2\/users\/1"}],"replies":[{"embeddable":true,"href":"https:\/\/diariorepublica.com.ar\/web\/index.php\/wp-json\/wp\/v2\/comments?post=34611"}],"version-history":[{"count":1,"href":"https:\/\/diariorepublica.com.ar\/web\/index.php\/wp-json\/wp\/v2\/posts\/34611\/revisions"}],"predecessor-version":[{"id":34613,"href":"https:\/\/diariorepublica.com.ar\/web\/index.php\/wp-json\/wp\/v2\/posts\/34611\/revisions\/34613"}],"wp:featuredmedia":[{"embeddable":true,"href":"https:\/\/diariorepublica.com.ar\/web\/index.php\/wp-json\/wp\/v2\/media\/34612"}],"wp:attachment":[{"href":"https:\/\/diariorepublica.com.ar\/web\/index.php\/wp-json\/wp\/v2\/media?parent=34611"}],"wp:term":[{"taxonomy":"category","embeddable":true,"href":"https:\/\/diariorepublica.com.ar\/web\/index.php\/wp-json\/wp\/v2\/categories?post=34611"},{"taxonomy":"post_tag","embeddable":true,"href":"https:\/\/diariorepublica.com.ar\/web\/index.php\/wp-json\/wp\/v2\/tags?post=34611"}],"curies":[{"name":"wp","href":"https:\/\/api.w.org\/{rel}","templated":true}]}}