{"id":34614,"date":"2026-09-01T12:48:01","date_gmt":"2026-09-01T15:48:01","guid":{"rendered":"https:\/\/diariorepublica.com.ar\/web\/?p=34614"},"modified":"2026-09-01T12:48:03","modified_gmt":"2026-09-01T15:48:03","slug":"comerciantes-locales-formaran-parte-de-la-expo-catamarca-2026","status":"publish","type":"post","link":"https:\/\/diariorepublica.com.ar\/web\/index.php\/sociedad\/2026\/09\/01\/comerciantes-locales-formaran-parte-de-la-expo-catamarca-2026\/","title":{"rendered":"Comerciantes locales formar\u00e1n parte de la Expo Catamarca 2026"},"content":{"rendered":"<p>En \u00e1mbito del Ministerio de Desarrollo Productivo se llev\u00f3 a cabo una reuni\u00f3n en la que comerciantes locales firmaron los convenios correspondientes para sumarse y formar parte de Expo Oportunidades, una propuesta comercial estrat\u00e9gica que se desarrollar\u00e1 en el pabell\u00f3n de Econom\u00edas Regionales, en el marco de la Expo Catamarca 2026.<br \/>\nEl encuentro estuvo encabezado por el ministro de Desarrollo Productivo, Luis Castro, y cont\u00f3 con las presencias del secretario de Industria y Comercio, Sebasti\u00e1n Caria, y la directora de Comercio, Mariela Olivera.<br \/>\nDurante las jornadas de la Expo, que se realizar\u00e1 del 10 al 12 de septiembre en el Predio Ferial Catamarca bajo el lema \u00abConectando Regiones, Generando Futuro\u00bb, el espacio Expo Oportunidades contar\u00e1 con 26 stands habilitados que atender\u00e1n al p\u00fablico en el horario de 12 a 20 horas.<br \/>\nEsta iniciativa, coordinada de manera articulada entre la Secretar\u00eda de Industria y Comercio del Ministerio y la Uni\u00f3n Comercial de Catamarca (UCC), busca potenciar el consumo local. En este espacio, f\u00e1bricas y comercios de indumentaria y calzado ofrecer\u00e1n productos de excelente calidad, saldos y stock de fin de temporada con significativos descuentos.<br \/>\nDe esta manera, se genera un doble beneficio: por un lado, las familias catamarque\u00f1as podr\u00e1n acceder a indumentaria y calzado a precios accesibles y competitivos; por el otro, las PyMEs y comerciantes locales contar\u00e1n con una plataforma para liquidar remanentes y ganar visibilidad ante la importante cantidad de visitantes que se prev\u00e9 tomar\u00e1n parte del mayor evento productivo y econ\u00f3mico de la provincia.<\/p>\n","protected":false},"excerpt":{"rendered":"<p>En \u00e1mbito del Ministerio de Desarrollo Productivo se llev\u00f3 a cabo una reuni\u00f3n en la que comerciantes locales firmaron los<\/p>\n","protected":false},"author":1,"featured_media":34615,"comment_status":"closed","ping_status":"closed","sticky":false,"template":"","format":"standard","meta":{"footnotes":"","jetpack_publicize_message":"","jetpack_publicize_feature_enabled":true,"jetpack_social_post_already_shared":true,"jetpack_social_options":{"image_generator_settings":{"template":"highway","enabled":false},"version":2}},"categories":[3],"tags":[],"class_list":["post-34614","post","type-post","status-publish","format-standard","has-post-thumbnail","hentry","category-sociedad"],"jetpack_publicize_connections":[],"_links":{"self":[{"href":"https:\/\/diariorepublica.com.ar\/web\/index.php\/wp-json\/wp\/v2\/posts\/34614"}],"collection":[{"href":"https:\/\/diariorepublica.com.ar\/web\/index.php\/wp-json\/wp\/v2\/posts"}],"about":[{"href":"https:\/\/diariorepublica.com.ar\/web\/index.php\/wp-json\/wp\/v2\/types\/post"}],"author":[{"embeddable":true,"href":"https:\/\/diariorepublica.com.ar\/web\/index.php\/wp-json\/wp\/v2\/users\/1"}],"replies":[{"embeddable":true,"href":"https:\/\/diariorepublica.com.ar\/web\/index.php\/wp-json\/wp\/v2\/comments?post=34614"}],"version-history":[{"count":1,"href":"https:\/\/diariorepublica.com.ar\/web\/index.php\/wp-json\/wp\/v2\/posts\/34614\/revisions"}],"predecessor-version":[{"id":34616,"href":"https:\/\/diariorepublica.com.ar\/web\/index.php\/wp-json\/wp\/v2\/posts\/34614\/revisions\/34616"}],"wp:featuredmedia":[{"embeddable":true,"href":"https:\/\/diariorepublica.com.ar\/web\/index.php\/wp-json\/wp\/v2\/media\/34615"}],"wp:attachment":[{"href":"https:\/\/diariorepublica.com.ar\/web\/index.php\/wp-json\/wp\/v2\/media?parent=34614"}],"wp:term":[{"taxonomy":"category","embeddable":true,"href":"https:\/\/diariorepublica.com.ar\/web\/index.php\/wp-json\/wp\/v2\/categories?post=34614"},{"taxonomy":"post_tag","embeddable":true,"href":"https:\/\/diariorepublica.com.ar\/web\/index.php\/wp-json\/wp\/v2\/tags?post=34614"}],"curies":[{"name":"wp","href":"https:\/\/api.w.org\/{rel}","templated":true}]}}