{"id":34617,"date":"2026-09-02T00:24:00","date_gmt":"2026-09-02T03:24:00","guid":{"rendered":"https:\/\/diariorepublica.com.ar\/web\/?p=34617"},"modified":"2026-09-02T07:25:39","modified_gmt":"2026-09-02T10:25:39","slug":"marcaton-medicamentos-20-de-descuento-todos-los-dias-y-reintegros-de-hasta-80-000","status":"publish","type":"post","link":"https:\/\/diariorepublica.com.ar\/web\/index.php\/locales\/2026\/09\/02\/marcaton-medicamentos-20-de-descuento-todos-los-dias-y-reintegros-de-hasta-80-000\/","title":{"rendered":"\u201cMarcat\u00f3n Medicamentos\u201d: 20% de descuento todos los d\u00edas y reintegros de hasta $80.000"},"content":{"rendered":"<p>En Casa de Gobierno, el gobernador Ra\u00fal Jalil, junto al gerente regional del Banco Naci\u00f3n, Sebasti\u00e1n Riveros, y el ministro de Hacienda y Obra P\u00fablica, Juan Marchetti, encabez\u00f3 la presentaci\u00f3n de \u201cMarcat\u00f3n Medicamentos\u201d, una nueva modalidad del programa que busca aliviar el impacto que genera el incremento sostenido de los precios de los medicamentos en el bolsillo de los catamarque\u00f1os.<\/p>\n<p>A partir de ahora, quienes cuenten con una tarjeta de cr\u00e9dito del Banco Naci\u00f3n podr\u00e1n acceder a un 20% de descuento en medicamentos todos los d\u00edas, con un tope de reintegro mensual de $80.000 por persona y la posibilidad de financiar las compras en hasta 6 cuotas sin inter\u00e9s.<\/p>\n<p>El beneficio estar\u00e1 disponible en las farmacias adheridas de toda la provincia y se suma a las promociones que Marcat\u00f3n ya ofrec\u00eda para otros rubros, entre ellos perfumer\u00eda.<\/p>\n<p>La operatoria se realizar\u00e1 mediante MODO y las tarjetas del Banco Naci\u00f3n, permitiendo que el beneficio se aplique a trav\u00e9s del medio de pago habilitado y que el reintegro sea acreditado posteriormente en la cuenta del usuario.<\/p>\n<p>Durante la presentaci\u00f3n, representantes del sector farmac\u00e9utico destacaron la importancia de la medida en un contexto de fuerte presi\u00f3n sobre los gastos familiares. Desde el Colegio de Farmac\u00e9uticos se\u00f1alaron que el nuevo beneficio puede convertirse en una herramienta para mejorar el acceso a los tratamientos y reducir el impacto de los copagos y del gasto de bolsillo que deben afrontar los pacientes.<\/p>\n<p>El esquema se sostiene a partir de un trabajo articulado entre el Gobierno provincial, el Banco Naci\u00f3n y el sector privado, con la participaci\u00f3n de la Federaci\u00f3n Econ\u00f3mica y las entidades que nuclean a las farmacias de Catamarca.<\/p>\n<p><strong>Aumenta el tope de Marcat\u00f3n Alimentos<\/strong><\/p>\n<p>En la presentaci\u00f3n tambi\u00e9n se anunci\u00f3 la continuidad del programa Marcat\u00f3n hasta el 31 de diciembre de 2026. A su vez, el Gobierno provincial confirm\u00f3 un incremento en el tope de reintegro para la compra de alimentos, que pasar\u00e1 de $90.000 a $120.000.<\/p>\n<p>De esta manera, Marcat\u00f3n ampl\u00eda su alcance hacia uno de los principales componentes del gasto familiar y suma ahora un rubro particularmente sensible como los medicamentos. Desde el Ejecutivo provincial destacaron que el programa se consolid\u00f3 como una herramienta para acompa\u00f1ar el consumo de los catamarque\u00f1os y que la ampliaci\u00f3n de los beneficios apunta a generar un alivio concreto en los gastos cotidianos.<\/p>\n<p>Del acto participaron el ministro de Gobierno, Seguridad y Justicia, Alberto Natella; el director de OSEP, Leopoldo Marchetti; la gerente comercial del Banco Naci\u00f3n, Carolina Pizarro; la gerente general de la C\u00e1mara de Farmacias de Catamarca, Carolina Acevedo; el presidente del Colegio de Farmac\u00e9uticos, David Campos; y el presidente de la Federaci\u00f3n Econ\u00f3mica de Catamarca, Marcelo Coll, adem\u00e1s de otras autoridades provinciales y representantes del sector privado.<\/p>\n","protected":false},"excerpt":{"rendered":"<p>En Casa de Gobierno, el gobernador Ra\u00fal Jalil, junto al gerente regional del Banco Naci\u00f3n, Sebasti\u00e1n Riveros, y el ministro<\/p>\n","protected":false},"author":1,"featured_media":34618,"comment_status":"closed","ping_status":"closed","sticky":false,"template":"","format":"standard","meta":{"footnotes":"","jetpack_publicize_message":"","jetpack_publicize_feature_enabled":true,"jetpack_social_post_already_shared":true,"jetpack_social_options":{"image_generator_settings":{"template":"highway","enabled":false},"version":2}},"categories":[2],"tags":[],"class_list":["post-34617","post","type-post","status-publish","format-standard","has-post-thumbnail","hentry","category-locales"],"jetpack_publicize_connections":[],"_links":{"self":[{"href":"https:\/\/diariorepublica.com.ar\/web\/index.php\/wp-json\/wp\/v2\/posts\/34617"}],"collection":[{"href":"https:\/\/diariorepublica.com.ar\/web\/index.php\/wp-json\/wp\/v2\/posts"}],"about":[{"href":"https:\/\/diariorepublica.com.ar\/web\/index.php\/wp-json\/wp\/v2\/types\/post"}],"author":[{"embeddable":true,"href":"https:\/\/diariorepublica.com.ar\/web\/index.php\/wp-json\/wp\/v2\/users\/1"}],"replies":[{"embeddable":true,"href":"https:\/\/diariorepublica.com.ar\/web\/index.php\/wp-json\/wp\/v2\/comments?post=34617"}],"version-history":[{"count":1,"href":"https:\/\/diariorepublica.com.ar\/web\/index.php\/wp-json\/wp\/v2\/posts\/34617\/revisions"}],"predecessor-version":[{"id":34619,"href":"https:\/\/diariorepublica.com.ar\/web\/index.php\/wp-json\/wp\/v2\/posts\/34617\/revisions\/34619"}],"wp:featuredmedia":[{"embeddable":true,"href":"https:\/\/diariorepublica.com.ar\/web\/index.php\/wp-json\/wp\/v2\/media\/34618"}],"wp:attachment":[{"href":"https:\/\/diariorepublica.com.ar\/web\/index.php\/wp-json\/wp\/v2\/media?parent=34617"}],"wp:term":[{"taxonomy":"category","embeddable":true,"href":"https:\/\/diariorepublica.com.ar\/web\/index.php\/wp-json\/wp\/v2\/categories?post=34617"},{"taxonomy":"post_tag","embeddable":true,"href":"https:\/\/diariorepublica.com.ar\/web\/index.php\/wp-json\/wp\/v2\/tags?post=34617"}],"curies":[{"name":"wp","href":"https:\/\/api.w.org\/{rel}","templated":true}]}}