{"id":34623,"date":"2026-09-02T00:02:00","date_gmt":"2026-09-02T03:02:00","guid":{"rendered":"https:\/\/diariorepublica.com.ar\/web\/?p=34623"},"modified":"2026-09-02T07:45:13","modified_gmt":"2026-09-02T10:45:13","slug":"paritaria-universitaria-los-docentes-rechazaron-el-3-que-ofrecio-el-gobierno-y-convocaron-a-un-paro-para-este-miercoles","status":"publish","type":"post","link":"https:\/\/diariorepublica.com.ar\/web\/index.php\/sociedad\/2026\/09\/02\/paritaria-universitaria-los-docentes-rechazaron-el-3-que-ofrecio-el-gobierno-y-convocaron-a-un-paro-para-este-miercoles\/","title":{"rendered":"Paritaria universitaria: los docentes rechazaron el 3% que ofreci\u00f3 el Gobierno y convocaron a un paro para este mi\u00e9rcoles"},"content":{"rendered":"<p>Los\u00a0<strong>docentes universitarios\u00a0rechazaron\u00a0<\/strong>este martes la\u00a0<strong>oferta salarial del 3% presentada por el Gobierno nacional<\/strong>\u00a0durante una nueva reuni\u00f3n paritaria y anticiparon que el conflicto podr\u00eda profundizarse en los pr\u00f3ximos d\u00edas. Los gremios sostienen que<strong>\u00a0a\u00fan persiste una diferencia cercana al 30% respecto de la recomposici\u00f3n que reclaman<\/strong>\u00a0y cuestionaron al Ejecutivo por no avanzar en el cumplimiento de la Ley de Financiamiento Universitario.<\/p>\n<article class=\"article-body par-2\">\n<div class=\"article-content\">\n<div class=\"news-body-paragraph\" data-twitter-link=\"\">\n<p id=\"p-1788284396302-92126\" data-start=\"759\" data-end=\"1074\">La negociaci\u00f3n se desarroll\u00f3 en el \u00e1mbito de la\u00a0<strong>paritaria nacional de la docencia universitaria y preuniversitaria<\/strong>, pero\u00a0<strong>concluy\u00f3 sin acuerdo<\/strong>. La distancia entre el porcentaje ofrecido por el Gobierno y las exigencias sindicales impidi\u00f3 acercar posiciones y abri\u00f3 un nuevo escenario de tensi\u00f3n en las universidades.<\/p>\n<\/div>\n<\/div>\n<\/article>\n<article class=\"article-body par-3\">\n<div class=\"article-content\">\n<div class=\"news-body-paragraph\" data-twitter-link=\"\">\n<p id=\"p-1788294168216-84353\" data-start=\"759\" data-end=\"1074\">Al finalizar la reuni\u00f3n, las entidades gremiales llamaron a un paro total de actividades para este mi\u00e9rcoles.<\/p>\n<article class=\"article-body par-4\">\n<div class=\"article-content\">\n<div class=\"news-body-paragraph\" data-twitter-link=\"\">\n<p id=\"p-1788284396302-20816\" data-start=\"1076\" data-end=\"1206\"><strong>Emiliano Cagnasi<\/strong>, secretario general de ADUBA y representante de Fedun en la reuni\u00f3n, confirm\u00f3 que no hubo avances significativos.<\/p>\n<\/div>\n<\/div>\n<\/article>\n<article class=\"article-body par-5\">\n<div class=\"article-content\">\n<div class=\"news-body-paragraph\" data-twitter-link=\"\">\n<p id=\"p-1788284396302-66483\" data-start=\"1208\" data-end=\"1382\">\u201cLa paritaria ha quedado inconclusa. El ofrecimiento formal por parte del Gobierno nacional fue de un 3% de aumento para los salarios de los docentes universitarios\u201d, afirm\u00f3.<\/p>\n<p id=\"p-1788284396302-810\" data-start=\"1442\" data-end=\"1710\">La principal demanda de los sindicatos est\u00e1 vinculada con la actualizaci\u00f3n salarial prevista en la Ley de Financiamiento Universitario. Seg\u00fan explican, todav\u00eda existe una diferencia cercana al 30% respecto de los montos que deber\u00edan percibirse en funci\u00f3n de esa norma.<\/p>\n<p id=\"p-1788284396302-26731\" data-start=\"1712\" data-end=\"1954\">\u201cHay que tener en cuenta que existe una Ley de Financiamiento Universitario que establece una actualizaci\u00f3n de los salarios docentes y no docentes, adem\u00e1s de las becas estudiantiles, tomando como referencia diciembre de 2023\u201d, se\u00f1al\u00f3 Cagnasi.<\/p>\n<p id=\"p-1788284396302-89047\" data-start=\"1956\" data-end=\"2190\">De acuerdo con el dirigente,\u00a0<strong>el aumento del 3% ofrecido por el Ejecutivo representa apenas una porci\u00f3n menor de la recomposici\u00f3n pendiente<\/strong>. En ese sentido, asegur\u00f3 que equivale aproximadamente al 10% de lo que todav\u00eda resta recuperar.<\/p>\n<p id=\"p-1788284396302-86270\" data-start=\"2192\" data-end=\"2454\">Los gremios tambi\u00e9n apoyan su reclamo en la situaci\u00f3n judicial de la ley. Cagnasi record\u00f3 que\u00a0<strong>la Corte Suprema dej\u00f3 firme la cautelar\u00a0vinculada con los art\u00edculos quinto y sexto de la norma<\/strong>\u00a0y sostuvo que esa decisi\u00f3n obliga al Gobierno a avanzar en su aplicaci\u00f3n.<\/p>\n<p id=\"p-1788284396302-72527\" data-start=\"3805\" data-end=\"4046\">El rechazo a la oferta oficial fue compartido por otras organizaciones sindicales. Desde CONADU Hist\u00f3rica calificaron de manera negativa el resultado de la reuni\u00f3n y remarcaron que la propuesta qued\u00f3 muy lejos de las expectativas del sector.<\/p>\n<p id=\"p-1788284396302-10399\" data-start=\"4048\" data-end=\"4177\">La secretaria general de la federaci\u00f3n,<strong>\u00a0Francisca Staiti<\/strong>, sostuvo que la negociaci\u00f3n hab\u00eda \u201cfracasado\u201d al finalizar el encuentro.<\/p>\n<p id=\"p-1788284396302-76639\" data-start=\"4179\" data-end=\"4462\"><strong>\u201cEl Gobierno trajo una propuesta de 3% de recomposici\u00f3n para septiembre, muy lejos del 31,2% que se nos est\u00e1 adeudando a julio por la cautelar de la Justicia que establece el cumplimiento de la Ley de Financiamiento Universitario, m\u00e1s la inflaci\u00f3n que corresponde a agosto\u201d<\/strong>, expres\u00f3.<\/p>\n<p id=\"p-1788284396302-82765\" data-start=\"4464\" data-end=\"4782\">La organizaci\u00f3n reclam\u00f3 adem\u00e1s recuperar el deterioro salarial acumulado y establecer mecanismos de actualizaci\u00f3n mensual que acompa\u00f1en, al menos, el avance de la inflaci\u00f3n. Tambi\u00e9n cuestion\u00f3 que la propuesta oficial no contemplara una recomposici\u00f3n por la p\u00e9rdida de poder adquisitivo registrada en los \u00faltimos meses<\/p>\n<\/div>\n<\/div>\n<\/article>\n<\/div>\n<\/div>\n<\/article>\n<article class=\"article-body par-4\">\n<div class=\"article-content\">\n<div class=\"news-body-paragraph\" data-twitter-link=\"\">\n<div id=\"1488741-Libre-1928495837_wrap\" class=\"embed_cont type_imagen\" contenteditable=\"false\"><\/div>\n<\/div>\n<\/div>\n<\/article>\n","protected":false},"excerpt":{"rendered":"<p>Los\u00a0docentes universitarios\u00a0rechazaron\u00a0este martes la\u00a0oferta salarial del 3% presentada por el Gobierno nacional\u00a0durante una nueva reuni\u00f3n paritaria y anticiparon que el<\/p>\n","protected":false},"author":1,"featured_media":34624,"comment_status":"closed","ping_status":"closed","sticky":false,"template":"","format":"standard","meta":{"footnotes":"","jetpack_publicize_message":"","jetpack_publicize_feature_enabled":true,"jetpack_social_post_already_shared":true,"jetpack_social_options":{"image_generator_settings":{"template":"highway","enabled":false},"version":2}},"categories":[3],"tags":[],"class_list":["post-34623","post","type-post","status-publish","format-standard","has-post-thumbnail","hentry","category-sociedad"],"jetpack_publicize_connections":[],"_links":{"self":[{"href":"https:\/\/diariorepublica.com.ar\/web\/index.php\/wp-json\/wp\/v2\/posts\/34623"}],"collection":[{"href":"https:\/\/diariorepublica.com.ar\/web\/index.php\/wp-json\/wp\/v2\/posts"}],"about":[{"href":"https:\/\/diariorepublica.com.ar\/web\/index.php\/wp-json\/wp\/v2\/types\/post"}],"author":[{"embeddable":true,"href":"https:\/\/diariorepublica.com.ar\/web\/index.php\/wp-json\/wp\/v2\/users\/1"}],"replies":[{"embeddable":true,"href":"https:\/\/diariorepublica.com.ar\/web\/index.php\/wp-json\/wp\/v2\/comments?post=34623"}],"version-history":[{"count":1,"href":"https:\/\/diariorepublica.com.ar\/web\/index.php\/wp-json\/wp\/v2\/posts\/34623\/revisions"}],"predecessor-version":[{"id":34625,"href":"https:\/\/diariorepublica.com.ar\/web\/index.php\/wp-json\/wp\/v2\/posts\/34623\/revisions\/34625"}],"wp:featuredmedia":[{"embeddable":true,"href":"https:\/\/diariorepublica.com.ar\/web\/index.php\/wp-json\/wp\/v2\/media\/34624"}],"wp:attachment":[{"href":"https:\/\/diariorepublica.com.ar\/web\/index.php\/wp-json\/wp\/v2\/media?parent=34623"}],"wp:term":[{"taxonomy":"category","embeddable":true,"href":"https:\/\/diariorepublica.com.ar\/web\/index.php\/wp-json\/wp\/v2\/categories?post=34623"},{"taxonomy":"post_tag","embeddable":true,"href":"https:\/\/diariorepublica.com.ar\/web\/index.php\/wp-json\/wp\/v2\/tags?post=34623"}],"curies":[{"name":"wp","href":"https:\/\/api.w.org\/{rel}","templated":true}]}}