{"id":34629,"date":"2026-09-02T07:50:07","date_gmt":"2026-09-02T10:50:07","guid":{"rendered":"https:\/\/diariorepublica.com.ar\/web\/?p=34629"},"modified":"2026-09-02T07:50:10","modified_gmt":"2026-09-02T10:50:10","slug":"enzo-fernandez-dejo-el-chelsea-y-paso-al-manchester-city-por-una-cifra-record","status":"publish","type":"post","link":"https:\/\/diariorepublica.com.ar\/web\/index.php\/deportes\/2026\/09\/02\/enzo-fernandez-dejo-el-chelsea-y-paso-al-manchester-city-por-una-cifra-record\/","title":{"rendered":"Enzo Fern\u00e1ndez dej\u00f3 el Chelsea y pas\u00f3 al Manchester City por una cifra r\u00e9cord"},"content":{"rendered":"<article id=\"article-post\" class=\"first\">\n<div class=\"cuerpo\" data-twitter-link=\"https:\/\/twitter.com\/intent\/tweet?url=https:\/\/www.diariopopular.com.ar\/c917614&amp;via=poopulardiario&amp;related=Popular&amp;text=\">\n<p id=\"p-1788284632527-47289\"><strong>Enzo Fern\u00e1ndez dejar\u00e1 Chelsea y se convertir\u00e1 en nuevo jugador del Manchester City en una transferencia cercana a los 145 millones de euros\u00a0<\/strong>y de esta manera, el mediocampista de la Selecci\u00f3n Argentina protagoniz\u00f3\u00a0<strong>el pase m\u00e1s caro de la historia del f\u00fatbol ingl\u00e9s, al igualar la cifra que Liverpool pag\u00f3 por Alexander Isak en 2025.<\/strong><\/p>\n<\/div>\n<\/article>\n<article id=\"article-post\">\n<div class=\"cuerpo\" data-twitter-link=\"#TWEMBEDLINK#\">\n<p id=\"p-1788284632527-51852\">El futbolista, de 25 a\u00f1os,\u00a0<strong>no estuvo a disposici\u00f3n de Xabi Alonso en los \u00faltimos dos partidos de Chelsea, ante Luton Town por la Carabao Cup y Brighton por la Premier League<\/strong>, mientras los clubes terminaban de cerrar los detalles de la operaci\u00f3n. Fern\u00e1ndez firmar\u00e1 un contrato con el City hasta 2032.<\/p>\n<\/div>\n<\/article>\n<article id=\"article-post\">\n<div class=\"cuerpo\" data-twitter-link=\"#TWEMBEDLINK#\">\n<p id=\"p-1788284632527-78339\">La transferencia tambi\u00e9n representar\u00e1 un ingreso millonario para River.<strong>\u00a0Aunque el club ya no conserva un porcentaje de la ficha del mediocampista, recibir\u00e1 dinero mediante el mecanismo de solidaridad de la FIFA<\/strong>, destinado a las instituciones que participaron en la formaci\u00f3n del jugador.<\/p>\n<article id=\"article-post\">\n<div class=\"cuerpo\" data-twitter-link=\"#TWEMBEDLINK#\">\n<p id=\"p-1788284632527-82602\">Por esa v\u00eda,<strong>\u00a0al Millonario le corresponde el 3,5% de la operaci\u00f3n.\u00a0<\/strong>Tomando como referencia una transferencia valuada en unos 169 millones de d\u00f3lares,\u00a0<strong>el ingreso para River rondar\u00eda los 5,9 millones de d\u00f3lares.<\/strong>\u00a0En otra estimaci\u00f3n sobre el monto en euros,\u00a0<strong>tambi\u00e9n se se\u00f1al\u00f3 que el club recibir\u00eda cerca de 6,3 millones.<\/strong><\/p>\n<\/div>\n<\/article>\n<article id=\"article-post\">\n<div class=\"cuerpo\" data-twitter-link=\"#TWEMBEDLINK#\">\n<p id=\"p-1788284632527-12743\"><strong>Fern\u00e1ndez dejar\u00e1 Chelsea despu\u00e9s de tres a\u00f1os y medio, per\u00edodo en el que lleg\u00f3 a convertirse en capit\u00e1n y conquist\u00f3 dos t\u00edtulos: la Conference League 2025 y el Mundial de Clubes 2025<\/strong>, obtenido tras vencer al Paris Saint-Germain en la final.<\/p>\n<p id=\"p-1788284632527-73470\"><strong>Su salida se produce despu\u00e9s de una relaci\u00f3n tirante con parte de los hinchas durante 2026.<\/strong>\u00a0El mediocampista hab\u00eda sido cuestionado por sus declaraciones sobre su gusto por Madrid, interpretadas en Londres como un posible gui\u00f1o al Real Madrid, y\u00a0<strong>tambi\u00e9n por su festejo con Topo Gigio tras marcarle a Inglaterra en las semifinales del Mundial.<\/strong><\/p>\n<p id=\"p-1788284632527-8288\"><strong>En las \u00faltimas semanas, adem\u00e1s, Fern\u00e1ndez fue abucheado por los hinchas de Chelsea durante un amistoso frente a Real Sociedad y recibi\u00f3 provocaciones vinculadas con las Islas Malvinas.<\/strong>\u00a0En ese contexto, finalmente continuar\u00e1 su carrera en el Manchester City, donde se reencontrar\u00e1 con Enzo Maresca.<\/p>\n<p id=\"p-1788284632527-92378\">El argentino se convirti\u00f3 en una de las grandes apuestas del City para reforzar el mediocampo e intentar cubrir la salida de Rodri.\u00a0<strong>Con sus tres transferencias (River a Benfica, Benfica a Chelsea y ahora Chelsea a Manchester City), Fern\u00e1ndez habr\u00e1 protagonizado operaciones por unos 284 millones de euros a lo largo de su corta carrera.<\/strong><\/p>\n<\/div>\n<\/article>\n<\/div>\n<\/article>\n","protected":false},"excerpt":{"rendered":"<p>Enzo Fern\u00e1ndez dejar\u00e1 Chelsea y se convertir\u00e1 en nuevo jugador del Manchester City en una transferencia cercana a los 145<\/p>\n","protected":false},"author":1,"featured_media":34630,"comment_status":"closed","ping_status":"closed","sticky":false,"template":"","format":"standard","meta":{"footnotes":"","jetpack_publicize_message":"","jetpack_publicize_feature_enabled":true,"jetpack_social_post_already_shared":true,"jetpack_social_options":{"image_generator_settings":{"template":"highway","enabled":false},"version":2}},"categories":[9],"tags":[],"class_list":["post-34629","post","type-post","status-publish","format-standard","has-post-thumbnail","hentry","category-deportes"],"jetpack_publicize_connections":[],"_links":{"self":[{"href":"https:\/\/diariorepublica.com.ar\/web\/index.php\/wp-json\/wp\/v2\/posts\/34629"}],"collection":[{"href":"https:\/\/diariorepublica.com.ar\/web\/index.php\/wp-json\/wp\/v2\/posts"}],"about":[{"href":"https:\/\/diariorepublica.com.ar\/web\/index.php\/wp-json\/wp\/v2\/types\/post"}],"author":[{"embeddable":true,"href":"https:\/\/diariorepublica.com.ar\/web\/index.php\/wp-json\/wp\/v2\/users\/1"}],"replies":[{"embeddable":true,"href":"https:\/\/diariorepublica.com.ar\/web\/index.php\/wp-json\/wp\/v2\/comments?post=34629"}],"version-history":[{"count":1,"href":"https:\/\/diariorepublica.com.ar\/web\/index.php\/wp-json\/wp\/v2\/posts\/34629\/revisions"}],"predecessor-version":[{"id":34631,"href":"https:\/\/diariorepublica.com.ar\/web\/index.php\/wp-json\/wp\/v2\/posts\/34629\/revisions\/34631"}],"wp:featuredmedia":[{"embeddable":true,"href":"https:\/\/diariorepublica.com.ar\/web\/index.php\/wp-json\/wp\/v2\/media\/34630"}],"wp:attachment":[{"href":"https:\/\/diariorepublica.com.ar\/web\/index.php\/wp-json\/wp\/v2\/media?parent=34629"}],"wp:term":[{"taxonomy":"category","embeddable":true,"href":"https:\/\/diariorepublica.com.ar\/web\/index.php\/wp-json\/wp\/v2\/categories?post=34629"},{"taxonomy":"post_tag","embeddable":true,"href":"https:\/\/diariorepublica.com.ar\/web\/index.php\/wp-json\/wp\/v2\/tags?post=34629"}],"curies":[{"name":"wp","href":"https:\/\/api.w.org\/{rel}","templated":true}]}}