{"id":34632,"date":"2026-09-02T07:51:27","date_gmt":"2026-09-02T10:51:27","guid":{"rendered":"https:\/\/diariorepublica.com.ar\/web\/?p=34632"},"modified":"2026-09-02T07:51:29","modified_gmt":"2026-09-02T10:51:29","slug":"milton-delgado-es-baja-por-lesion","status":"publish","type":"post","link":"https:\/\/diariorepublica.com.ar\/web\/index.php\/deportes\/2026\/09\/02\/milton-delgado-es-baja-por-lesion\/","title":{"rendered":"Milton Delgado es baja por lesi\u00f3n"},"content":{"rendered":"<article id=\"article-post\" class=\"first\">\n<div class=\"cuerpo\" data-twitter-link=\"https:\/\/twitter.com\/intent\/tweet?url=https:\/\/www.diariopopular.com.ar\/c917633&amp;via=poopulardiario&amp;related=Popular&amp;text=\">\n<p id=\"p-1788300355306-29751\"><strong>Boca Juniors sufri\u00f3 una nueva baja por lesi\u00f3n: Milton Delgado tiene una molestia muscular y no podr\u00e1 disputar el partido ante V\u00e9lez por los octavos de final de la Copa Argentina<\/strong>. El encuentro se disputar\u00e1 este mi\u00e9rcoles, desde las 21.15, en el estadio Mario Alberto Kempes de C\u00f3rdoba y el mediocampista de 21 a\u00f1os qued\u00f3 descartado.<\/p>\n<\/div>\n<\/article>\n<article id=\"article-post\">\n<div class=\"cuerpo\" data-twitter-link=\"#TWEMBEDLINK#\">\n<p id=\"p-1788300355306-50088\">Delgado hab\u00eda sido titular ante Lan\u00fas y fue reemplazado en el tramo final del encuentro por Tom\u00e1s Belmonte. El volante tambi\u00e9n hab\u00eda terminado con molestias el empate frente a Racing, cuando debi\u00f3 salir por un dolor en el isquiotibial derecho.\u00a0<strong>Ahora, el objetivo del cuerpo t\u00e9cnico es recuperarlo para el cruce ante San Pablo por los cuartos de final de la Copa Sudamericana, previsto para el martes 8 de septiembre en la Bombonera.<\/strong><\/p>\n<\/div>\n<\/article>\n<article id=\"article-post\">\n<div class=\"cuerpo\" data-twitter-link=\"#TWEMBEDLINK#\">\n<p id=\"p-1788300355306-65889\"><strong>La baja se suma a un panorama complicado para Boca, que tambi\u00e9n perdi\u00f3 a Tom\u00e1s Aranda\u00a0<\/strong>por una fractura en el peron\u00e9 derecho\u00a0<strong>y a Ayrton Costa\u00a0<\/strong>por un desgarro. Aranda fue operado y se perder\u00e1 lo que resta del a\u00f1o, mientras que la ausencia de Costa abri\u00f3 espacio para los juveniles Facundo Herrera y Mat\u00edas Sat\u00e1s.\u00a0<strong>En paralelo, el club analiza incorporar un defensor central y tiene en carpeta a Nehu\u00e9n P\u00e9rez y Francisco \u00c1lvarez.<\/strong><\/p>\n<\/div>\n<\/article>\n<article id=\"article-post\">\n<div class=\"cuerpo\" data-twitter-link=\"#TWEMBEDLINK#\">\n<p id=\"p-1788300457319-60702\">En principio, para el duelo de Copa Argentina, el equipo de Rodolfo Arruabarrena formar\u00eda con: \u00c1lvaro\u00a0<strong>Montero<\/strong>; Leandro\u00a0<strong>Lozano<\/strong>, Lautaro\u00a0<strong>Di Lollo<\/strong>, Facundo\u00a0<strong>Herrera\u00a0<\/strong>y Lautaro\u00a0<strong>Blanco<\/strong>; Santiago\u00a0<strong>Ascacibar<\/strong>, Leandro\u00a0<strong>Paredes\u00a0<\/strong>y Tom\u00e1s\u00a0<strong>Belmonte<\/strong>; Leonel\u00a0<strong>Flores<\/strong>, Miguel\u00a0<strong>Merentiel\u00a0<\/strong>y Sebasti\u00e1n\u00a0<strong>Villa<\/strong>.<\/p>\n<\/div>\n<\/article>\n","protected":false},"excerpt":{"rendered":"<p>Boca Juniors sufri\u00f3 una nueva baja por lesi\u00f3n: Milton Delgado tiene una molestia muscular y no podr\u00e1 disputar el partido<\/p>\n","protected":false},"author":1,"featured_media":34633,"comment_status":"closed","ping_status":"closed","sticky":false,"template":"","format":"standard","meta":{"footnotes":"","jetpack_publicize_message":"","jetpack_publicize_feature_enabled":true,"jetpack_social_post_already_shared":true,"jetpack_social_options":{"image_generator_settings":{"template":"highway","enabled":false},"version":2}},"categories":[9],"tags":[],"class_list":["post-34632","post","type-post","status-publish","format-standard","has-post-thumbnail","hentry","category-deportes"],"jetpack_publicize_connections":[],"_links":{"self":[{"href":"https:\/\/diariorepublica.com.ar\/web\/index.php\/wp-json\/wp\/v2\/posts\/34632"}],"collection":[{"href":"https:\/\/diariorepublica.com.ar\/web\/index.php\/wp-json\/wp\/v2\/posts"}],"about":[{"href":"https:\/\/diariorepublica.com.ar\/web\/index.php\/wp-json\/wp\/v2\/types\/post"}],"author":[{"embeddable":true,"href":"https:\/\/diariorepublica.com.ar\/web\/index.php\/wp-json\/wp\/v2\/users\/1"}],"replies":[{"embeddable":true,"href":"https:\/\/diariorepublica.com.ar\/web\/index.php\/wp-json\/wp\/v2\/comments?post=34632"}],"version-history":[{"count":1,"href":"https:\/\/diariorepublica.com.ar\/web\/index.php\/wp-json\/wp\/v2\/posts\/34632\/revisions"}],"predecessor-version":[{"id":34634,"href":"https:\/\/diariorepublica.com.ar\/web\/index.php\/wp-json\/wp\/v2\/posts\/34632\/revisions\/34634"}],"wp:featuredmedia":[{"embeddable":true,"href":"https:\/\/diariorepublica.com.ar\/web\/index.php\/wp-json\/wp\/v2\/media\/34633"}],"wp:attachment":[{"href":"https:\/\/diariorepublica.com.ar\/web\/index.php\/wp-json\/wp\/v2\/media?parent=34632"}],"wp:term":[{"taxonomy":"category","embeddable":true,"href":"https:\/\/diariorepublica.com.ar\/web\/index.php\/wp-json\/wp\/v2\/categories?post=34632"},{"taxonomy":"post_tag","embeddable":true,"href":"https:\/\/diariorepublica.com.ar\/web\/index.php\/wp-json\/wp\/v2\/tags?post=34632"}],"curies":[{"name":"wp","href":"https:\/\/api.w.org\/{rel}","templated":true}]}}