{"id":34635,"date":"2026-09-02T08:00:16","date_gmt":"2026-09-02T11:00:16","guid":{"rendered":"https:\/\/diariorepublica.com.ar\/web\/?p=34635"},"modified":"2026-09-02T08:00:18","modified_gmt":"2026-09-02T11:00:18","slug":"tres-sobres-y-us150-000-que-dijo-una-empresa-en-el-juicio-de-los-cuadernos","status":"publish","type":"post","link":"https:\/\/diariorepublica.com.ar\/web\/index.php\/nacionales\/2026\/09\/02\/tres-sobres-y-us150-000-que-dijo-una-empresa-en-el-juicio-de-los-cuadernos\/","title":{"rendered":"Tres sobres y US$150.000: qu\u00e9 dijo una empresa en el juicio de los Cuadernos"},"content":{"rendered":"<article id=\"article-post\" class=\"first\">\n<div class=\"cuerpo\" data-twitter-link=\"https:\/\/twitter.com\/intent\/tweet?url=https:\/\/www.diariopopular.com.ar\/c917623&amp;via=poopulardiario&amp;related=Popular&amp;text=\">\n<p id=\"p-1788292724462-94559\" class=\"\">El empresario Ra\u00fal Ibarra, integrante de\u00a0<strong>la constructora Supercemento,<\/strong>\u00a0ratific\u00f3 este martes ante el Tribunal Oral Federal N\u00b07 que la empresa entreg\u00f3 alrededor de\u00a0<strong>US$150.000 durante el per\u00edodo kirchnerista<\/strong>, en tres pagos destinados a \u00abla campa\u00f1a\u00bb, seg\u00fan le inform\u00f3 otro directivo de la compa\u00f1\u00eda.<\/p>\n<\/div>\n<\/article>\n<article id=\"article-post\">\n<div class=\"cuerpo\" data-twitter-link=\"#TWEMBEDLINK#\">\n<p id=\"p-1788292724462-62084\" class=\"\">Ibarra declar\u00f3 en el juicio oral por el caso de los Cuadernos de las Coimas y se\u00f1al\u00f3 que los pagos fueron realizados por\u00a0<strong>Miguel Marconi<\/strong>, tambi\u00e9n directivo de la compa\u00f1\u00eda y uno de los acusados en el proceso. Seg\u00fan su testimonio, Marconi le cont\u00f3 que hab\u00eda entregado tres sobres con aproximadamente US$ 50.000 cada uno.<\/p>\n<article id=\"article-post\">\n<div class=\"cuerpo\" data-twitter-link=\"#TWEMBEDLINK#\">\n<p id=\"p-1788292724462-42167\" class=\"\">Las entregas, de acuerdo con lo relatado por Ibarra, se realizaron en las oficinas de Supercemento, ubicadas en la calle 3 de Febrero 2750. El dinero habr\u00eda sido recibido por una persona identificada como\u00a0<strong>\u201cNelson\u201d<\/strong>, que la acusaci\u00f3n vincula con Nelson Lazarte, quien era se\u00f1alado como colaborador de Roberto Baratta.<\/p>\n<\/div>\n<\/article>\n<article id=\"article-post\">\n<div class=\"cuerpo\" data-twitter-link=\"#TWEMBEDLINK#\">\n<p id=\"p-1788292724462-15413\" class=\"\">\u201c<strong>Me dijo [Marconi] que eran aportes para la campa\u00f1a<\/strong>\u201d, declar\u00f3 Ibarra al responder sobre el motivo de los pagos.<\/p>\n<\/div>\n<\/article>\n<article id=\"article-post\">\n<div class=\"cuerpo\" data-twitter-link=\"#TWEMBEDLINK#\">\n<h6 id=\"p-1788292724462-27953\">Un pago que, seg\u00fan el testimonio, se repiti\u00f3 tres veces<\/h6>\n<p id=\"p-1788292724462-38031\" class=\"\">El empresario explic\u00f3 que al momento de las entregas se encontraba en el exterior y que fue Marconi quien concret\u00f3 las operaciones. Seg\u00fan su relato, el pedido original habr\u00eda surgido de\u00a0<strong>Francisco Moresco<\/strong>, otro integrante del directorio de Supercemento, quien muri\u00f3 en 2018 y hab\u00eda sido procesado en la causa.<\/p>\n<p id=\"p-1788292724462-32420\" class=\"\">\u201cMarconi me cont\u00f3 que Moresco le dijo que lo hab\u00edan llamado y que ten\u00eda que entregar un sobre. Creo que fue en el 2015. Esto sucedi\u00f3 tres veces\u201d, explic\u00f3 Ibarra durante su declaraci\u00f3n.<\/p>\n<p id=\"p-1788292724462-85962\" class=\"\">Ibarra hab\u00eda sido indagado durante la etapa de instrucci\u00f3n por el entonces juez Claudio Bonadio, pero\u00a0<strong>no fue procesado<\/strong>\u00a0en la causa.<\/p>\n<p id=\"p-1788292724462-67763\" class=\"\">La constructora tambi\u00e9n aparece mencionada en otros testimonios incorporados al expediente.\u00a0<strong>Miguel Marconi, en calidad de arrepentido, reconoci\u00f3 los tres pagos a \u201cNelson\u201d, aunque atribuy\u00f3 la decisi\u00f3n a Moresco.<\/strong><\/p>\n<p id=\"p-1788292724462-13014\" class=\"\">En cambio,\u00a0<strong>el financista Ernesto Clarens\u00a0<\/strong>declar\u00f3 que Supercemento entregaba regularmente el\u00a0<strong>3% de los certificados cobrados<\/strong>\u00a0y que esos pagos eran canalizados a trav\u00e9s de Marconi, pero este \u00faltimo solo reconoci\u00f3 los tres pagos mencionados.<\/p>\n<p id=\"p-1788292724462-11694\" class=\"\">Seg\u00fan la acusaci\u00f3n fiscal, el esquema investigado ten\u00eda en la cima a N\u00e9stor y Cristina Kirchner y contaba con funcionarios del Ministerio de Planificaci\u00f3n e intermediarios vinculados a empresarios y contratistas del Estado.<\/p>\n<p id=\"p-1788292724462-82004\" class=\"\">Tambi\u00e9n declar\u00f3\u00a0<strong>Franco Gagliardo<\/strong>, empresario de Obring, quien cont\u00f3 que mantuvo un encuentro con Ernesto Clarens despu\u00e9s de participar de una licitaci\u00f3n. Seg\u00fan relat\u00f3, el financista le hab\u00eda dado a entender que pod\u00eda ayudarlo, pero \u201c<strong>nada estuvo claro. No hubo nada concreto<\/strong>\u201d.<\/p>\n<p id=\"p-1788292724462-26196\">El empresario hab\u00eda sido imputado durante la investigaci\u00f3n, pero posteriormente fue sobrese\u00eddo.<\/p>\n<\/div>\n<\/article>\n<\/div>\n<\/article>\n","protected":false},"excerpt":{"rendered":"<p>El empresario Ra\u00fal Ibarra, integrante de\u00a0la constructora Supercemento,\u00a0ratific\u00f3 este martes ante el Tribunal Oral Federal N\u00b07 que la empresa entreg\u00f3<\/p>\n","protected":false},"author":1,"featured_media":34636,"comment_status":"closed","ping_status":"closed","sticky":false,"template":"","format":"standard","meta":{"footnotes":"","jetpack_publicize_message":"","jetpack_publicize_feature_enabled":true,"jetpack_social_post_already_shared":true,"jetpack_social_options":{"image_generator_settings":{"template":"highway","enabled":false},"version":2}},"categories":[4],"tags":[],"class_list":["post-34635","post","type-post","status-publish","format-standard","has-post-thumbnail","hentry","category-nacionales"],"jetpack_publicize_connections":[],"_links":{"self":[{"href":"https:\/\/diariorepublica.com.ar\/web\/index.php\/wp-json\/wp\/v2\/posts\/34635"}],"collection":[{"href":"https:\/\/diariorepublica.com.ar\/web\/index.php\/wp-json\/wp\/v2\/posts"}],"about":[{"href":"https:\/\/diariorepublica.com.ar\/web\/index.php\/wp-json\/wp\/v2\/types\/post"}],"author":[{"embeddable":true,"href":"https:\/\/diariorepublica.com.ar\/web\/index.php\/wp-json\/wp\/v2\/users\/1"}],"replies":[{"embeddable":true,"href":"https:\/\/diariorepublica.com.ar\/web\/index.php\/wp-json\/wp\/v2\/comments?post=34635"}],"version-history":[{"count":1,"href":"https:\/\/diariorepublica.com.ar\/web\/index.php\/wp-json\/wp\/v2\/posts\/34635\/revisions"}],"predecessor-version":[{"id":34637,"href":"https:\/\/diariorepublica.com.ar\/web\/index.php\/wp-json\/wp\/v2\/posts\/34635\/revisions\/34637"}],"wp:featuredmedia":[{"embeddable":true,"href":"https:\/\/diariorepublica.com.ar\/web\/index.php\/wp-json\/wp\/v2\/media\/34636"}],"wp:attachment":[{"href":"https:\/\/diariorepublica.com.ar\/web\/index.php\/wp-json\/wp\/v2\/media?parent=34635"}],"wp:term":[{"taxonomy":"category","embeddable":true,"href":"https:\/\/diariorepublica.com.ar\/web\/index.php\/wp-json\/wp\/v2\/categories?post=34635"},{"taxonomy":"post_tag","embeddable":true,"href":"https:\/\/diariorepublica.com.ar\/web\/index.php\/wp-json\/wp\/v2\/tags?post=34635"}],"curies":[{"name":"wp","href":"https:\/\/api.w.org\/{rel}","templated":true}]}}