{"id":34638,"date":"2026-09-02T06:00:00","date_gmt":"2026-09-02T09:00:00","guid":{"rendered":"https:\/\/diariorepublica.com.ar\/web\/?p=34638"},"modified":"2026-09-02T08:01:29","modified_gmt":"2026-09-02T11:01:29","slug":"julian-alvarez-seguira-en-atletico-de-madrid","status":"publish","type":"post","link":"https:\/\/diariorepublica.com.ar\/web\/index.php\/deportes\/2026\/09\/02\/julian-alvarez-seguira-en-atletico-de-madrid\/","title":{"rendered":"Juli\u00e1n \u00c1lvarez seguir\u00e1 en Atl\u00e9tico de Madrid"},"content":{"rendered":"<article id=\"article-post\" class=\"first\">\n<div class=\"cuerpo\" data-twitter-link=\"https:\/\/twitter.com\/intent\/tweet?url=https:\/\/www.diariopopular.com.ar\/c917724&amp;via=poopulardiario&amp;related=Popular&amp;text=\">\n<p id=\"p-1788307933995-22464\"><strong>El cierre del mercado de pases en Europa confirm\u00f3 que Juli\u00e1n \u00c1lvarez continuar\u00e1 en Atl\u00e9tico de Madrid<\/strong>. Despu\u00e9s de varias semanas de incertidumbre y de la posibilidad de pasar al Barcelona, la operaci\u00f3n no avanz\u00f3 y el delantero seguir\u00e1 bajo las \u00f3rdenes de Diego Simeone. El Arsenal tambi\u00e9n hab\u00eda mostrado inter\u00e9s, pero el argentino nunca tuvo como prioridad regresar a Inglaterra.<\/p>\n<\/div>\n<\/article>\n<article id=\"article-post\">\n<div class=\"cuerpo\" data-twitter-link=\"#TWEMBEDLINK#\">\n<p id=\"p-1788307933995-98395\">La situaci\u00f3n gener\u00f3 varios cruces durante las \u00faltimas semanas, desde las declaraciones de Juli\u00e1n sobre su futuro hasta la negativa de la dirigencia del Atl\u00e9tico mediante un fuerte comunicado a negociar con el Barcelona.\u00a0<strong>En este contexto, la Ara\u00f1a volvi\u00f3 a entrenarse con normalidad este martes y comparti\u00f3 la pr\u00e1ctica con el grupo argentino del plantel, integrado por Giuliano Simeone, Cristian Romero y Juan Musso<\/strong>.<\/p>\n<article id=\"article-post\">\n<div class=\"cuerpo\" data-twitter-link=\"#TWEMBEDLINK#\">\n<p id=\"p-1788307933995-92198\"><strong>Todo indica que Juli\u00e1n estar\u00e1 disponible para el partido del s\u00e1bado ante Athletic de Bilbao, aunque comenzar\u00eda en el banco de suplentes<\/strong>. Simeone prob\u00f3 al mismo equipo que viene de vencer a Sevilla y utiliz\u00f3 al delantero entre los relevos. Ahora, \u00c1lvarez tendr\u00e1 el desaf\u00edo de recuperar su mejor nivel y volver a ganarse a los hinchas, que le hicieron sentir su malestar con algunos abucheos durante el inicio de la temporada.<\/p>\n<\/div>\n<\/article>\n<article id=\"article-post\">\n<div class=\"cuerpo\" data-twitter-link=\"#TWEMBEDLINK#\">\n<p id=\"p-1788307933995-69379\"><strong>A su vez, Atl\u00e9tico de Madrid sum\u00f3 competencia para el ataque con Jonathan David, quien lleg\u00f3 a pr\u00e9stamo desde Juventus por una temporada<\/strong>. El canadiense pelear\u00e1 por un lugar en el equipo, aunque sus caracter\u00edsticas son m\u00e1s similares a las de Alexander Sorloth que a las de Juli\u00e1n. Con el mercado cerrado, la Ara\u00f1a deber\u00e1 enfocarse en recuperar protagonismo en el Colchonero.<\/p>\n<\/div>\n<\/article>\n<\/div>\n<\/article>\n","protected":false},"excerpt":{"rendered":"<p>El cierre del mercado de pases en Europa confirm\u00f3 que Juli\u00e1n \u00c1lvarez continuar\u00e1 en Atl\u00e9tico de Madrid. Despu\u00e9s de varias<\/p>\n","protected":false},"author":1,"featured_media":34639,"comment_status":"closed","ping_status":"closed","sticky":false,"template":"","format":"standard","meta":{"footnotes":"","jetpack_publicize_message":"","jetpack_publicize_feature_enabled":true,"jetpack_social_post_already_shared":true,"jetpack_social_options":{"image_generator_settings":{"template":"highway","enabled":false},"version":2}},"categories":[9],"tags":[],"class_list":["post-34638","post","type-post","status-publish","format-standard","has-post-thumbnail","hentry","category-deportes"],"jetpack_publicize_connections":[],"_links":{"self":[{"href":"https:\/\/diariorepublica.com.ar\/web\/index.php\/wp-json\/wp\/v2\/posts\/34638"}],"collection":[{"href":"https:\/\/diariorepublica.com.ar\/web\/index.php\/wp-json\/wp\/v2\/posts"}],"about":[{"href":"https:\/\/diariorepublica.com.ar\/web\/index.php\/wp-json\/wp\/v2\/types\/post"}],"author":[{"embeddable":true,"href":"https:\/\/diariorepublica.com.ar\/web\/index.php\/wp-json\/wp\/v2\/users\/1"}],"replies":[{"embeddable":true,"href":"https:\/\/diariorepublica.com.ar\/web\/index.php\/wp-json\/wp\/v2\/comments?post=34638"}],"version-history":[{"count":1,"href":"https:\/\/diariorepublica.com.ar\/web\/index.php\/wp-json\/wp\/v2\/posts\/34638\/revisions"}],"predecessor-version":[{"id":34640,"href":"https:\/\/diariorepublica.com.ar\/web\/index.php\/wp-json\/wp\/v2\/posts\/34638\/revisions\/34640"}],"wp:featuredmedia":[{"embeddable":true,"href":"https:\/\/diariorepublica.com.ar\/web\/index.php\/wp-json\/wp\/v2\/media\/34639"}],"wp:attachment":[{"href":"https:\/\/diariorepublica.com.ar\/web\/index.php\/wp-json\/wp\/v2\/media?parent=34638"}],"wp:term":[{"taxonomy":"category","embeddable":true,"href":"https:\/\/diariorepublica.com.ar\/web\/index.php\/wp-json\/wp\/v2\/categories?post=34638"},{"taxonomy":"post_tag","embeddable":true,"href":"https:\/\/diariorepublica.com.ar\/web\/index.php\/wp-json\/wp\/v2\/tags?post=34638"}],"curies":[{"name":"wp","href":"https:\/\/api.w.org\/{rel}","templated":true}]}}