{"id":34641,"date":"2026-09-02T08:03:13","date_gmt":"2026-09-02T11:03:13","guid":{"rendered":"https:\/\/diariorepublica.com.ar\/web\/?p=34641"},"modified":"2026-09-02T08:03:15","modified_gmt":"2026-09-02T11:03:15","slug":"milei-defendio-el-uso-de-la-cadena-nacional-por-malvinas","status":"publish","type":"post","link":"https:\/\/diariorepublica.com.ar\/web\/index.php\/politica\/2026\/09\/02\/milei-defendio-el-uso-de-la-cadena-nacional-por-malvinas\/","title":{"rendered":"Milei defendi\u00f3 el uso de la cadena nacional por Malvinas\u00a0"},"content":{"rendered":"<article id=\"article-post\" class=\"first\">\n<div class=\"cuerpo\" data-twitter-link=\"https:\/\/twitter.com\/intent\/tweet?url=https:\/\/www.diariopopular.com.ar\/c917615&amp;via=poopulardiario&amp;related=Popular&amp;text=\">\n<p id=\"p-1788288200944-85975\"><strong>Javier Milei hablar\u00e1 el pr\u00f3ximo jueves a las 21 por cadena nacional\u00a0<\/strong>para informar sobre los avances diplom\u00e1ticos en torno al<strong>\u00a0reclamo argentino sobre las Islas Malvinas.\u00a0<\/strong>La decisi\u00f3n fue tomada durante una reuni\u00f3n de Gabinete realizada este martes en Casa Rosada, donde el Presidente analiz\u00f3 la situaci\u00f3n junto a sus funcionarios.<\/p>\n<\/div>\n<\/article>\n<article id=\"article-post\">\n<div class=\"cuerpo\" data-twitter-link=\"#TWEMBEDLINK#\">\n<p id=\"p-1788288200945-19093\">El tema fue presentado por el canciller\u00a0<strong>Pablo Quirno<\/strong>, quien expuso ante el Gabinete despu\u00e9s de las declaraciones del presidente de Estados Unidos,\u00a0<strong>Donald Trump<\/strong>, acerca de una eventual revisi\u00f3n de la postura de la Casa Blanca respecto de la soberan\u00eda de las islas, seg\u00fan informaron fuentes oficiales a la prensa.<\/p>\n<\/div>\n<\/article>\n<article id=\"article-post\">\n<div class=\"cuerpo\" data-twitter-link=\"#TWEMBEDLINK#\">\n<p id=\"p-1788288200945-96173\"><strong>Trump hab\u00eda se\u00f1alado el lunes que estaba dispuesto a \u00abrevisar\u00bb su postura sobre la cuesti\u00f3n Malvinas ante una consulta sobre la posibilidad de retirar el respaldo estadounidense a la soberan\u00eda brit\u00e1nica.<\/strong>\u00a0\u00abSiempre reviso todas las posiciones. Esa es apenas una entre muchas\u00bb, afirm\u00f3 el mandatario.<\/p>\n<\/div>\n<\/article>\n<article id=\"article-post\">\n<div class=\"cuerpo\" data-twitter-link=\"#TWEMBEDLINK#\">\n<p id=\"p-1788289670105-53553\">Ante estos dichos, el presidente Javier Milei, asegur\u00f3 este martes que\u00a0<strong>\u201cayer ha pasado algo muy fuerte respecto a la causa m\u00e1s importante y sagrada que tenemos los argentinos\u201d<\/strong>, pero no brind\u00f3 mayores precisiones.<\/p>\n<\/div>\n<\/article>\n<article id=\"article-post\">\n<div class=\"cuerpo\" data-twitter-link=\"#TWEMBEDLINK#\">\n<p id=\"p-1788289811046-88614\">Por su parte, el ministro de Hacienda brit\u00e1nico,\u00a0<strong>John Healey<\/strong>, asegur\u00f3 que las\u00a0<strong>Islas Malvinas\u00a0<\/strong>\u00abson brit\u00e1nicas y seguir\u00e1n siendo brit\u00e1nicas mientras las Islas Malvinas as\u00ed lo deseen\u201d<\/p>\n<p id=\"p-1788288200945-51981\"><strong>Tras la reuni\u00f3n de gabinete, el vocero presidencial Adri\u00e1n Ravier confirm\u00f3 que el mensaje del Presidente ser\u00e1 transmitido por cadena nacional el jueves a las 21:00<\/strong>\u00a0y estar\u00e1 centrada en la cuesti\u00f3n Malvinas y en los avances diplom\u00e1ticos que, seg\u00fan el Gobierno, se produjeron en torno al reclamo argentino.<\/p>\n<p id=\"p-1788288200945-15399\">Durante el encuentro en la Casa Rosada tambi\u00e9n se analizaron la evoluci\u00f3n de los indicadores del mercado laboral,<strong>\u00a0la tasa de inflaci\u00f3n y lo que el Gobierno identifica como un proceso de crecimiento de la econom\u00eda.<\/strong><\/p>\n<h6 id=\"p-1788309159304-84506\">Malvinas: el tuit de Milei sobre la cadena nacional y las cr\u00edticas al periodismo<\/h6>\n<p id=\"p-1788309159304-98411\">Horas despu\u00e9s de la reuni\u00f3n de Gabinete en Casa Rosada,\u00a0<strong>el Presidente defendi\u00f3 el uso de la cadena nacional sobre la causa Malvinas<\/strong>\u00a0y, sin nombrarlos, apunt\u00f3 contra los periodistas que cuestionaron la medida.<\/p>\n<p id=\"p-1788309159304-13754\">\u00abAnunciamos una cadena nacional para el jueves a las 21:00 hs.\u00a0<strong>sobre un tema SAGRADO para los argentinos como es la causa de Malvinas<\/strong>, un reclamo hist\u00f3rico del pueblo argentino que al d\u00eda de hoy sigue viendo violentada su soberan\u00eda nacional, y\u00a0<strong>las MIERDAS HUMANAS (95%) de siempre salen a llorar por el uso de la cadena nacional\u00bb<\/strong>, afirm\u00f3 el l\u00edder de la Libertad Avanza desde su cuenta de la red social X.<\/p>\n<p id=\"p-1788309159304-83881\">Milei sum\u00f3 en una nueva embestida contra la prensa: \u00ab\u00bfQu\u00e9 causa m\u00e1s importante y estrat\u00e9gica para los intereses vitales de la Naci\u00f3n puede haber m\u00e1s importante que la causa Malvinas? \u00bfSi este tema, que desconocen absolutamente, no amerita una cadena nacional, que tema lo ameritar\u00eda?\u00a0<strong>O ser\u00e1 que simplemente hay un conjunto de MIERDAS HUMANAS (95%) que van a atacar al gobierno incluso si implica defender intereses extranjeros?<\/strong>\u00a0Verg\u00fcenza les deber\u00eda dar\u00bb.<\/p>\n<p id=\"p-1788309159304-47543\">El Presidente subray\u00f3, por \u00faltimo, que su gobierno seguir\u00e1\u00a0<strong>\u00abdefendiendo los intereses de la Naci\u00f3n Argentina con u\u00f1as y dientes pese a quien le pese\u00bb<\/strong>.<\/p>\n<div id=\"embed5182_wrap\" class=\"embed_cont type_freetext\" contenteditable=\"false\" data-provider=\"Twitter\">\n<div id=\"embed5182_content\" class=\"embed_content\">\n<div id=\"embed5182_embed\">\n<div class=\"twitter-tweet twitter-tweet-rendered\"><iframe id=\"twitter-widget-0\" class=\"\" title=\"X Post\" src=\"https:\/\/platform.twitter.com\/embed\/Tweet.html?creatorScreenName=diariopopular&amp;dnt=false&amp;embedId=twitter-widget-0&amp;features=eyJ0ZndfdGltZWxpbmVfbGlzdCI6eyJidWNrZXQiOltdLCJ2ZXJzaW9uIjpudWxsfSwidGZ3X2ZvbGxvd2VyX2NvdW50X3N1bnNldCI6eyJidWNrZXQiOnRydWUsInZlcnNpb24iOm51bGx9LCJ0ZndfdHdlZXRfZWRpdF9iYWNrZW5kIjp7ImJ1Y2tldCI6Im9uIiwidmVyc2lvbiI6bnVsbH0sInRmd19yZWZzcmNfc2Vzc2lvbiI6eyJidWNrZXQiOiJvbiIsInZlcnNpb24iOm51bGx9LCJ0ZndfZm9zbnJfc29mdF9pbnRlcnZlbnRpb25zX2VuYWJsZWQiOnsiYnVja2V0Ijoib24iLCJ2ZXJzaW9uIjpudWxsfSwidGZ3X21peGVkX21lZGlhXzE1ODk3Ijp7ImJ1Y2tldCI6InRyZWF0bWVudCIsInZlcnNpb24iOm51bGx9LCJ0ZndfZXhwZXJpbWVudHNfY29va2llX2V4cGlyYXRpb24iOnsiYnVja2V0IjoxMjA5NjAwLCJ2ZXJzaW9uIjpudWxsfSwidGZ3X3Nob3dfYmlyZHdhdGNoX3Bpdm90c19lbmFibGVkIjp7ImJ1Y2tldCI6Im9uIiwidmVyc2lvbiI6bnVsbH0sInRmd19kdXBsaWNhdGVfc2NyaWJlc190b19zZXR0aW5ncyI6eyJidWNrZXQiOiJvbiIsInZlcnNpb24iOm51bGx9LCJ0ZndfdXNlX3Byb2ZpbGVfaW1hZ2Vfc2hhcGVfZW5hYmxlZCI6eyJidWNrZXQiOiJvbiIsInZlcnNpb24iOm51bGx9LCJ0ZndfdmlkZW9faGxzX2R5bmFtaWNfbWFuaWZlc3RzXzE1MDgyIjp7ImJ1Y2tldCI6InRydWVfYml0cmF0ZSIsInZlcnNpb24iOm51bGx9LCJ0ZndfbGVnYWN5X3RpbWVsaW5lX3N1bnNldCI6eyJidWNrZXQiOnRydWUsInZlcnNpb24iOm51bGx9LCJ0ZndfdHdlZXRfZWRpdF9mcm9udGVuZCI6eyJidWNrZXQiOiJvbiIsInZlcnNpb24iOm51bGx9fQ%3D%3D&amp;frame=false&amp;hideCard=false&amp;hideThread=false&amp;id=2094911633097175052&amp;lang=en&amp;origin=https%3A%2F%2Fwww.diariopopular.com.ar%2Fpolitica%2Fmilei-defendio-el-uso-la-cadena-nacional-malvinas-y-apunto-al-periodismo-n917615&amp;sessionId=32e66ff6291467c8ea595c57b85d9e4777df5950&amp;siteScreenName=diariopopular&amp;theme=light&amp;widgetsVersion=6a3ad42b224df%3A1778106238597&amp;width=550px\" frameborder=\"0\" scrolling=\"no\" allowfullscreen=\"allowfullscreen\" data-tweet-id=\"2094911633097175052\" data-gtm-yt-inspected-14=\"true\" data-mce-fragment=\"1\"><\/iframe><\/div>\n<\/div>\n<\/div>\n<div id=\"embed5182_epigrafe\" class=\"embed_epigrafe\"><\/div>\n<\/div>\n<\/div>\n<\/article>\n","protected":false},"excerpt":{"rendered":"<p>Javier Milei hablar\u00e1 el pr\u00f3ximo jueves a las 21 por cadena nacional\u00a0para informar sobre los avances diplom\u00e1ticos en torno al\u00a0reclamo<\/p>\n","protected":false},"author":1,"featured_media":34642,"comment_status":"closed","ping_status":"closed","sticky":false,"template":"","format":"standard","meta":{"footnotes":"","jetpack_publicize_message":"","jetpack_publicize_feature_enabled":true,"jetpack_social_post_already_shared":true,"jetpack_social_options":{"image_generator_settings":{"template":"highway","enabled":false},"version":2}},"categories":[12],"tags":[],"class_list":["post-34641","post","type-post","status-publish","format-standard","has-post-thumbnail","hentry","category-politica"],"jetpack_publicize_connections":[],"_links":{"self":[{"href":"https:\/\/diariorepublica.com.ar\/web\/index.php\/wp-json\/wp\/v2\/posts\/34641"}],"collection":[{"href":"https:\/\/diariorepublica.com.ar\/web\/index.php\/wp-json\/wp\/v2\/posts"}],"about":[{"href":"https:\/\/diariorepublica.com.ar\/web\/index.php\/wp-json\/wp\/v2\/types\/post"}],"author":[{"embeddable":true,"href":"https:\/\/diariorepublica.com.ar\/web\/index.php\/wp-json\/wp\/v2\/users\/1"}],"replies":[{"embeddable":true,"href":"https:\/\/diariorepublica.com.ar\/web\/index.php\/wp-json\/wp\/v2\/comments?post=34641"}],"version-history":[{"count":1,"href":"https:\/\/diariorepublica.com.ar\/web\/index.php\/wp-json\/wp\/v2\/posts\/34641\/revisions"}],"predecessor-version":[{"id":34643,"href":"https:\/\/diariorepublica.com.ar\/web\/index.php\/wp-json\/wp\/v2\/posts\/34641\/revisions\/34643"}],"wp:featuredmedia":[{"embeddable":true,"href":"https:\/\/diariorepublica.com.ar\/web\/index.php\/wp-json\/wp\/v2\/media\/34642"}],"wp:attachment":[{"href":"https:\/\/diariorepublica.com.ar\/web\/index.php\/wp-json\/wp\/v2\/media?parent=34641"}],"wp:term":[{"taxonomy":"category","embeddable":true,"href":"https:\/\/diariorepublica.com.ar\/web\/index.php\/wp-json\/wp\/v2\/categories?post=34641"},{"taxonomy":"post_tag","embeddable":true,"href":"https:\/\/diariorepublica.com.ar\/web\/index.php\/wp-json\/wp\/v2\/tags?post=34641"}],"curies":[{"name":"wp","href":"https:\/\/api.w.org\/{rel}","templated":true}]}}