{"id":34644,"date":"2026-09-02T09:03:00","date_gmt":"2026-09-02T12:03:00","guid":{"rendered":"https:\/\/diariorepublica.com.ar\/web\/?p=34644"},"modified":"2026-09-02T08:06:09","modified_gmt":"2026-09-02T11:06:09","slug":"copa-argentina-boca-vs-velez-desde-las-2115","status":"publish","type":"post","link":"https:\/\/diariorepublica.com.ar\/web\/index.php\/deportes\/2026\/09\/02\/copa-argentina-boca-vs-velez-desde-las-2115\/","title":{"rendered":"Copa Argentina: Boca vs. V\u00e9lez, desde las 21:15"},"content":{"rendered":"<p>Este mi\u00e9rcoles, desde las 21.15,\u00a0<b>Boca y V\u00e9lez se enfrentan en el Mario Alberto Kempes de C\u00f3rdoba por los octavos de final de la Copa Argentina<\/b>. Racing, que\u00a0venci\u00f3 1 a 0 a Belgrano en San Luis, espera por el ganador de esta llave.<\/p>\n<p>Gracias a un ag\u00f3nico gol de Tom\u00e1s Belmonte, Boca viene de obtener un triunfo ante Lan\u00fas\u00a0que lo acomod\u00f3 en las tabla de la Zona A y en la anual. Con los tres frentes abiertos, el Xeneize buscar\u00e1 continuar con vida en una Copa Argentina donde\u00a0<b>elimin\u00f3 a Gimnasia de Chivilcoy y a Sarmiento de Jun\u00edn<\/b>\u00a0en las rondas anteriores.<\/p>\n<p>De cara a este partido,\u00a0<b>Rodolfo Arruabarrena recupera a Leandro Lozano y a Marco Pellegrino<\/b>, que se perdieron los partidos ante Recoleta, Racing y Lan\u00fas por diferentes lesiones. Adem\u00e1s,\u00a0<b>el juvenil Lautaro Bianco formar\u00e1 parte de la lista de convocados por primera vez<\/b>\u00a0ante la lesi\u00f3n de Tom\u00e1s Aranda.<\/p>\n<p>En cuanto a la formaci\u00f3n, podr\u00eda haber algunos cambios con respecto al equipo que venci\u00f3 al Granate el viernes pasado en La Bombonera.\u00a0<b>Leandro Paredes volver\u00eda a la titularidad, al igual que Lozano y Pellegrino<\/b>. Los que pagar\u00edan son los juveniles: Camilo Rey Domenech, Dylan Gorosito y Facundo Herrera, este \u00faltimo de gran partido.<\/p>\n<p>V\u00e9lez, por su parte,\u00a0<b>contin\u00faa siendo el \u00fanico invicto del Torneo Clausura<\/b>\u00a0tras su\u00a0pol\u00e9mico empate 1 a 1 ante Deportivo Riestra\u00a0del s\u00e1bado pasado. Con 13 puntos producto de tres victorias y cuatro igualdades,\u00a0<b>el Fort\u00edn marcha segundo en la Zona A y tercero en la tabla anual<\/b>\u00a0con 41 unidades, una por encima del Xeneize y en puestos de clasificaci\u00f3n a la pr\u00f3xima Copa Libertadores. En Copa Argentina, el Fort\u00edn\u00a0<b>elimin\u00f3 sin sobresaltos a Deportivo Armenio y Gimnasia y Tiro de Salta<\/b>\u00a0en las rondas previas.<\/p>\n<p>Cabe remarcar que\u00a0<b>ambos equipos se enfrentaron el pasado 8 de agosto en el Tom\u00e1s Adolfo Duc\u00f3<\/b>, por la cuarta fecha del Clausura. Aquel encuentro lo comenz\u00f3 ganando el conjunto de Liniers con un gol de\u00a0<b>Diego Vald\u00e9s<\/b>\u00a0de tiro libre y, sobre el final del primer tiempo,\u00a0<b>Santiago Ascac\u00edbar\u00a0<\/b>puso el 1 a 1 final.<\/p>\n<p>En cuanto a la formaci\u00f3n, no se espera que Guillermo Barros Schelotto realice demasiadas modificaciones con respecto al equipo que igual\u00f3 ante el Malevo en el Guillermo Laza.<\/p>\n<ul>\n<li><u>Hora<\/u>: 21.15.<\/li>\n<li><u>TV<\/u>: TyC Sports.<\/li>\n<li><u>\u00c1rbitro<\/u>: Sebasti\u00e1n Zunino.<\/li>\n<li><u>Estadio<\/u>: Mario Alberto Kempes.<\/li>\n<\/ul>\n","protected":false},"excerpt":{"rendered":"<p>Este mi\u00e9rcoles, desde las 21.15,\u00a0Boca y V\u00e9lez se enfrentan en el Mario Alberto Kempes de C\u00f3rdoba por los octavos de<\/p>\n","protected":false},"author":1,"featured_media":34647,"comment_status":"closed","ping_status":"closed","sticky":false,"template":"","format":"standard","meta":{"footnotes":"","jetpack_publicize_message":"","jetpack_publicize_feature_enabled":true,"jetpack_social_post_already_shared":true,"jetpack_social_options":{"image_generator_settings":{"template":"highway","enabled":false},"version":2}},"categories":[9],"tags":[],"class_list":["post-34644","post","type-post","status-publish","format-standard","has-post-thumbnail","hentry","category-deportes"],"jetpack_publicize_connections":[],"_links":{"self":[{"href":"https:\/\/diariorepublica.com.ar\/web\/index.php\/wp-json\/wp\/v2\/posts\/34644"}],"collection":[{"href":"https:\/\/diariorepublica.com.ar\/web\/index.php\/wp-json\/wp\/v2\/posts"}],"about":[{"href":"https:\/\/diariorepublica.com.ar\/web\/index.php\/wp-json\/wp\/v2\/types\/post"}],"author":[{"embeddable":true,"href":"https:\/\/diariorepublica.com.ar\/web\/index.php\/wp-json\/wp\/v2\/users\/1"}],"replies":[{"embeddable":true,"href":"https:\/\/diariorepublica.com.ar\/web\/index.php\/wp-json\/wp\/v2\/comments?post=34644"}],"version-history":[{"count":1,"href":"https:\/\/diariorepublica.com.ar\/web\/index.php\/wp-json\/wp\/v2\/posts\/34644\/revisions"}],"predecessor-version":[{"id":34648,"href":"https:\/\/diariorepublica.com.ar\/web\/index.php\/wp-json\/wp\/v2\/posts\/34644\/revisions\/34648"}],"wp:featuredmedia":[{"embeddable":true,"href":"https:\/\/diariorepublica.com.ar\/web\/index.php\/wp-json\/wp\/v2\/media\/34647"}],"wp:attachment":[{"href":"https:\/\/diariorepublica.com.ar\/web\/index.php\/wp-json\/wp\/v2\/media?parent=34644"}],"wp:term":[{"taxonomy":"category","embeddable":true,"href":"https:\/\/diariorepublica.com.ar\/web\/index.php\/wp-json\/wp\/v2\/categories?post=34644"},{"taxonomy":"post_tag","embeddable":true,"href":"https:\/\/diariorepublica.com.ar\/web\/index.php\/wp-json\/wp\/v2\/tags?post=34644"}],"curies":[{"name":"wp","href":"https:\/\/api.w.org\/{rel}","templated":true}]}}