{"id":34649,"date":"2026-09-02T08:40:09","date_gmt":"2026-09-02T11:40:09","guid":{"rendered":"https:\/\/diariorepublica.com.ar\/web\/?p=34649"},"modified":"2026-09-02T08:40:11","modified_gmt":"2026-09-02T11:40:11","slug":"el-gobierno-fijo-aumentos-escalonados-para-el-salario-minimo-hasta-abril-de-2027","status":"publish","type":"post","link":"https:\/\/diariorepublica.com.ar\/web\/index.php\/economia\/2026\/09\/02\/el-gobierno-fijo-aumentos-escalonados-para-el-salario-minimo-hasta-abril-de-2027\/","title":{"rendered":"El Gobierno fij\u00f3 aumentos escalonados para el salario m\u00ednimo hasta abril de 2027"},"content":{"rendered":"<p>El Gobierno fij\u00f3<strong>\u00a0nuevos pisos salariales con aumentos escalonados desde septiembre de este a\u00f1o hasta abril de 2027<\/strong>, junto con la prestaci\u00f3n por desempleo, mediante la Resoluci\u00f3n 4\/2026 publicada este mi\u00e9rcoles en el Bolet\u00edn Oficial.<\/p>\n<p>La medida, dispuesta por la presidente alterna del Consejo Nacional del Empleo, la Productividad y el Salario M\u00ednimo, Vital y M\u00f3vil, Claudia Silvana Testa, se toma tras las negociaciones truncas entre los representantes sindicales y empleadores, que no lograron un consenso en la sesi\u00f3n plenaria realizada el 28 de agosto.<\/p>\n<p>Al respecto, el texto oficial precis\u00f3 que en dicha oportunidad se detallaron las propuestas de los representantes de ambos sectores, pero \u201cluego de un extenso intercambio de opiniones, no se logr\u00f3 alcanzar un acuerdo\u201d.<\/p>\n<p>De esta manera, el Ejecutivo defini\u00f3 nuevamente de manera unilateral la remuneraci\u00f3n m\u00ednima para todos los trabajadores comprendidos en el R\u00e9gimen de Contrato de Trabajo, en el R\u00e9gimen de Trabajo Agrario, de la Administraci\u00f3n P\u00fablica Nacional y de todas las entidades y organismos del Estado Nacional que act\u00fae como empleador.<\/p>\n<p>Hasta agosto el valor del salario m\u00ednimo era de $376.600 y con la actualizaci\u00f3n pasar\u00e1 en septiembre a $383.800, mientras que en el cuarto mes del pr\u00f3ximo calendario<strong>\u00a0llegar\u00e1 a $437.000, lo que implica que en 8 meses subir\u00e1 $60.400.<\/strong><\/p>\n<h6>Salario m\u00ednimo: los nuevos montos por mes y hora<\/h6>\n<ul>\n<li data-list-item-id=\"e5a411a7112dcb70ce63b7ac7745f3c5d\">Septiembre 2026: $383.800 el mes y $1.919 la hora.<\/li>\n<li data-list-item-id=\"e5db2b65b8c810133d75a9e44c908bfda\">Octubre 2026: $391.200 el mes y $1.956 por hora.<\/li>\n<li data-list-item-id=\"ea9a754c9663b1a12a31f02432a8775fc\">Noviembre 2026: $398.800 el mes y $1.994 la hora<\/li>\n<li data-list-item-id=\"e939a9af7fd806ee1f803faee3c45be1c\">Diciembre 2026: $406.400 el mes y $2.032 por hora.<\/li>\n<li data-list-item-id=\"ea662fd27d7d0cfb862cfd51fe33bb8cd\">Enero 2027: $414.200 el mes y $2.071 la hora.<\/li>\n<li data-list-item-id=\"e9cb0f2b81868a27c370800ee9b3337d4\">Febrero 2027: $422.000 el mes y $2.110 la hora.<\/li>\n<li data-list-item-id=\"eea9f6109e6f5541db486ebcfe5cf05b0\">Marzo 2027: $429.600 el mes y $2.148 la hora.<\/li>\n<li data-list-item-id=\"ef6a1534f41132f49626edec2d74b6856\">Abril 2027: $437.000 el mes y $2.185 la hora.<\/li>\n<\/ul>\n<p>El salario m\u00ednimo viene perdiendo contra la inflaci\u00f3n en lo que va de la gesti\u00f3n de Javier Milei. Entre noviembre de 2023 y julio pasado, el sueldo m\u00ednimo real acumul\u00f3 una ca\u00edda del 40,5%, seg\u00fan calcula el Instituto Interdisciplinario de Econom\u00eda Pol\u00edtica (UBA-CONICET).<\/p>\n<p>Asimismo, la normativa estipul\u00f3 que la prestaci\u00f3n por desempleo \u201cser\u00e1 equivalente a un 75% del importe neto de la mejor remuneraci\u00f3n mensual, normal y habitual del trabajador en los seis meses anteriores al cese del contrato de trabajo que dio lugar a la situaci\u00f3n de desempleo\u201d.<\/p>\n<p>Adem\u00e1s, determin\u00f3 que \u201cen ning\u00fan caso la prestaci\u00f3n mensual podr\u00e1 ser inferior al 50% del Salario M\u00ednimo Vital y M\u00f3vil vigente, ni superior al 100% del Salario M\u00ednimo Vital y M\u00f3vil vigente\u201d.<\/p>\n<p>Agencia NA<\/p>\n","protected":false},"excerpt":{"rendered":"<p>El Gobierno fij\u00f3\u00a0nuevos pisos salariales con aumentos escalonados desde septiembre de este a\u00f1o hasta abril de 2027, junto con la<\/p>\n","protected":false},"author":1,"featured_media":34650,"comment_status":"closed","ping_status":"closed","sticky":false,"template":"","format":"standard","meta":{"footnotes":"","jetpack_publicize_message":"","jetpack_publicize_feature_enabled":true,"jetpack_social_post_already_shared":true,"jetpack_social_options":{"image_generator_settings":{"template":"highway","enabled":false},"version":2}},"categories":[5],"tags":[],"class_list":["post-34649","post","type-post","status-publish","format-standard","has-post-thumbnail","hentry","category-economia"],"jetpack_publicize_connections":[],"_links":{"self":[{"href":"https:\/\/diariorepublica.com.ar\/web\/index.php\/wp-json\/wp\/v2\/posts\/34649"}],"collection":[{"href":"https:\/\/diariorepublica.com.ar\/web\/index.php\/wp-json\/wp\/v2\/posts"}],"about":[{"href":"https:\/\/diariorepublica.com.ar\/web\/index.php\/wp-json\/wp\/v2\/types\/post"}],"author":[{"embeddable":true,"href":"https:\/\/diariorepublica.com.ar\/web\/index.php\/wp-json\/wp\/v2\/users\/1"}],"replies":[{"embeddable":true,"href":"https:\/\/diariorepublica.com.ar\/web\/index.php\/wp-json\/wp\/v2\/comments?post=34649"}],"version-history":[{"count":1,"href":"https:\/\/diariorepublica.com.ar\/web\/index.php\/wp-json\/wp\/v2\/posts\/34649\/revisions"}],"predecessor-version":[{"id":34651,"href":"https:\/\/diariorepublica.com.ar\/web\/index.php\/wp-json\/wp\/v2\/posts\/34649\/revisions\/34651"}],"wp:featuredmedia":[{"embeddable":true,"href":"https:\/\/diariorepublica.com.ar\/web\/index.php\/wp-json\/wp\/v2\/media\/34650"}],"wp:attachment":[{"href":"https:\/\/diariorepublica.com.ar\/web\/index.php\/wp-json\/wp\/v2\/media?parent=34649"}],"wp:term":[{"taxonomy":"category","embeddable":true,"href":"https:\/\/diariorepublica.com.ar\/web\/index.php\/wp-json\/wp\/v2\/categories?post=34649"},{"taxonomy":"post_tag","embeddable":true,"href":"https:\/\/diariorepublica.com.ar\/web\/index.php\/wp-json\/wp\/v2\/tags?post=34649"}],"curies":[{"name":"wp","href":"https:\/\/api.w.org\/{rel}","templated":true}]}}