{"id":34652,"date":"2026-09-02T11:47:22","date_gmt":"2026-09-02T14:47:22","guid":{"rendered":"https:\/\/diariorepublica.com.ar\/web\/?p=34652"},"modified":"2026-09-02T11:47:24","modified_gmt":"2026-09-02T14:47:24","slug":"el-sexto-episodio-de-nuestras-voces-2026-presenta-a-dalma-robles","status":"publish","type":"post","link":"https:\/\/diariorepublica.com.ar\/web\/index.php\/sociedad\/2026\/09\/02\/el-sexto-episodio-de-nuestras-voces-2026-presenta-a-dalma-robles\/","title":{"rendered":"El sexto episodio de \u00abNuestras Voces\u00bb 2026 presenta a Dalma Robles"},"content":{"rendered":"<div>El ciclo audiovisual \u00abNuestras Voces\u00bb, organizado desde la Vicegobernaci\u00f3n que conduce Rub\u00e9n Dusso, contin\u00faa su sexta temporada presentando m\u00fasica catamarque\u00f1a en vivo desde la Biblioteca del Senado.<\/p>\n<p>La sexta entrega de Nuestras Voces, que se presentar\u00e1 este mi\u00e9rcoles 2 de septiembre a las 20 horas en en las cuentas de facebook e instagram del Senado, trae el arte de Dalma Robles, cantora catamarque\u00f1a que con el caudal de su voz nos contagia el entusiasmo y orgullo de formar parte de la gran comunidad que formamos como provincia.<\/p>\n<p>Una producci\u00f3n que refleja un nuevo a\u00f1o de trabajo por parte del equipo de Vicegobernaci\u00f3n comprometido en este proyecto, y que conforman bajo la direcci\u00f3n del subsecretario de Coordinaci\u00f3n y T\u00e9cnica de Senado, Julio Macedo; Agustin Isasmendi, David Moya, Marcos C\u00f3rdoba, Mauricio Ponce y Rodrigo Ferreira.<\/p><\/div>\n<div>\n<p><b>Sobre el ciclo<\/b><\/p>\n<p>El ciclo audiovisual de m\u00fasica emitido desde la Biblioteca del Senado hace un recorrido por la cultura catamarque\u00f1a de la mano de artistas e int\u00e9rpretes que ponen de relieve la significancia que para cada uno tiene la historia y letra de la obra que elige para su presentaci\u00f3n, ya sea desde el canto, la copla, el recitado o la m\u00fasica urbana.<\/p>\n<p>El proyecto producido \u00edntegramente por el equipo de Vicegobernaci\u00f3n, cuenta con representantes pertenecientes a los departamentos de la provincia, proponiendo al p\u00fablico tender un puente entre el arte y su significado, como una unidad de sentido que permite a sonido de la voz permite al sonido de la voz o el instrumento, transportar nada m\u00e1s y nada menos que las huellas de la cultura en un momento tan especial de la historia como el actual.<\/p>\n<p>Los episodios de la temporada pueden disfrutarse a trav\u00e9s de este link\u00a0<a href=\"https:\/\/www.youtube.com\/@senadodecatamarca\" target=\"_blank\" rel=\"noopener\" data-saferedirecturl=\"https:\/\/www.google.com\/url?q=https:\/\/www.youtube.com\/@senadodecatamarca&amp;source=gmail&amp;ust=1788441089749000&amp;usg=AOvVaw3r_mXY07MY7-bAawSnZ9vG\">https:\/\/www.youtube.com\/@<wbr \/>senadodecatamarca<\/a><\/div>\n","protected":false},"excerpt":{"rendered":"<p>El ciclo audiovisual \u00abNuestras Voces\u00bb, organizado desde la Vicegobernaci\u00f3n que conduce Rub\u00e9n Dusso, contin\u00faa su sexta temporada presentando m\u00fasica catamarque\u00f1a<\/p>\n","protected":false},"author":1,"featured_media":34653,"comment_status":"closed","ping_status":"closed","sticky":false,"template":"","format":"standard","meta":{"footnotes":"","jetpack_publicize_message":"","jetpack_publicize_feature_enabled":true,"jetpack_social_post_already_shared":true,"jetpack_social_options":{"image_generator_settings":{"template":"highway","enabled":false},"version":2}},"categories":[3],"tags":[],"class_list":["post-34652","post","type-post","status-publish","format-standard","has-post-thumbnail","hentry","category-sociedad"],"jetpack_publicize_connections":[],"_links":{"self":[{"href":"https:\/\/diariorepublica.com.ar\/web\/index.php\/wp-json\/wp\/v2\/posts\/34652"}],"collection":[{"href":"https:\/\/diariorepublica.com.ar\/web\/index.php\/wp-json\/wp\/v2\/posts"}],"about":[{"href":"https:\/\/diariorepublica.com.ar\/web\/index.php\/wp-json\/wp\/v2\/types\/post"}],"author":[{"embeddable":true,"href":"https:\/\/diariorepublica.com.ar\/web\/index.php\/wp-json\/wp\/v2\/users\/1"}],"replies":[{"embeddable":true,"href":"https:\/\/diariorepublica.com.ar\/web\/index.php\/wp-json\/wp\/v2\/comments?post=34652"}],"version-history":[{"count":1,"href":"https:\/\/diariorepublica.com.ar\/web\/index.php\/wp-json\/wp\/v2\/posts\/34652\/revisions"}],"predecessor-version":[{"id":34654,"href":"https:\/\/diariorepublica.com.ar\/web\/index.php\/wp-json\/wp\/v2\/posts\/34652\/revisions\/34654"}],"wp:featuredmedia":[{"embeddable":true,"href":"https:\/\/diariorepublica.com.ar\/web\/index.php\/wp-json\/wp\/v2\/media\/34653"}],"wp:attachment":[{"href":"https:\/\/diariorepublica.com.ar\/web\/index.php\/wp-json\/wp\/v2\/media?parent=34652"}],"wp:term":[{"taxonomy":"category","embeddable":true,"href":"https:\/\/diariorepublica.com.ar\/web\/index.php\/wp-json\/wp\/v2\/categories?post=34652"},{"taxonomy":"post_tag","embeddable":true,"href":"https:\/\/diariorepublica.com.ar\/web\/index.php\/wp-json\/wp\/v2\/tags?post=34652"}],"curies":[{"name":"wp","href":"https:\/\/api.w.org\/{rel}","templated":true}]}}