{"id":34655,"date":"2026-09-02T13:13:39","date_gmt":"2026-09-02T16:13:39","guid":{"rendered":"https:\/\/diariorepublica.com.ar\/web\/?p=34655"},"modified":"2026-09-02T13:13:41","modified_gmt":"2026-09-02T16:13:41","slug":"el-intendente-se-reunio-con-las-autoridades-de-la-fec-de-cara-a-la-2-a-expo-catamarca-2026","status":"publish","type":"post","link":"https:\/\/diariorepublica.com.ar\/web\/index.php\/locales\/2026\/09\/02\/el-intendente-se-reunio-con-las-autoridades-de-la-fec-de-cara-a-la-2-a-expo-catamarca-2026\/","title":{"rendered":"El intendente se reuni\u00f3\u00a0 con las autoridades de la FEC de cara a la 2.\u00aa Expo Catamarca 2026"},"content":{"rendered":"<p dir=\"ltr\">El intendente de la Capital, Gustavo Saadi, mantuvo una reuni\u00f3n estrat\u00e9gica de trabajo con las autoridades de la Federaci\u00f3n Econ\u00f3mica de Catamarca (FEC), encabezadas por su presidente Marcelo Coll, con el prop\u00f3sito de ultimar los detalles organizativos de la 2.\u00aa Expo Catamarca 2026: \u00abConectando Regiones, Generando Futuro\u00bb.<\/p>\n<p dir=\"ltr\">El evento, que se consolida como un punto de encuentro fundamental para el desarrollo productivo y comercial, se llevar\u00e1 a cabo los d\u00edas 10, 11 y 12 de septiembre en las instalaciones del Predio Ferial Catamarca.<\/p>\n<p dir=\"ltr\">Durante el encuentro, las partes destacaron la trascendencia de la colaboraci\u00f3n p\u00fablico-privada para proyectar a la provincia hacia nuevos mercados.<\/p>\n<p dir=\"ltr\">Al respecto, Marcelo Coll remarc\u00f3: \u00abEstamos trabajando intensamente en el esquema log\u00edstico y operativo, valorando de manera especial el acompa\u00f1amiento del municipio. Esta articulaci\u00f3n entre el sector p\u00fablico y el privado, impulsada de forma conjunta con el intendente Saadi, siempre ha resultado sumamente virtuosa para la econom\u00eda local\u00bb.<\/p>\n<p dir=\"ltr\">La exposici\u00f3n contar\u00e1 con una nutrida agenda que abordar\u00e1 ejes estrat\u00e9gicos como miner\u00eda sustentable, turismo y econom\u00edas regionales, sumando adem\u00e1s seminarios de vanguardia en innovaci\u00f3n, transformaci\u00f3n digital e inteligencia artificial.<\/p>\n<p dir=\"ltr\">La convocatoria de disertantes ser\u00e1 uno de los atractivos centrales de esta edici\u00f3n, reuniendo a referentes de prestigio nacional e internacional entre los que se destacan el secretario de Turismo de la Naci\u00f3n, Daniel Scioli; la presidenta de la C\u00e1mara Argentina de Turismo, Laura Teruel; y reconocidos economistas como Esteban Domecq y Gustavo \u00abLacha\u00bb L\u00e1zari.<\/p>\n<p dir=\"ltr\">Asimismo, la feria contar\u00e1 con una destacada presencia institucional y comercial de la regi\u00f3n de Atacama (Chile), a trav\u00e9s de una delegaci\u00f3n oficial encabezada por su gobernador, Miguel Vargas.<\/p>\n<p dir=\"ltr\">En relaci\u00f3n con las oportunidades comerciales que abrir\u00e1 este encuentro, el titular de la FEC se\u00f1al\u00f3 que existe una gran expectativa en el sector empresarial por concretar rondas de negocios efectivas. \u00abNuestro objetivo central es mostrar el potencial de la oferta exportadora catamarque\u00f1a y enlazar la oferta con la demanda internacional hacia el Pac\u00edfico mediante los puertos chilenos, consolidando un paso estrat\u00e9gico para la regi\u00f3n\u00bb, enfatiz\u00f3.<\/p>\n<p dir=\"ltr\">Con esta iniciativa, la Capital y la provincia reafirman su posicionamiento como un nodo log\u00edstico y productivo clave en el Cono Sur, impulsando el intercambio comercial y el crecimiento sostenible para los pr\u00f3ximos a\u00f1os.<\/p>\n","protected":false},"excerpt":{"rendered":"<p>El intendente de la Capital, Gustavo Saadi, mantuvo una reuni\u00f3n estrat\u00e9gica de trabajo con las autoridades de la Federaci\u00f3n Econ\u00f3mica<\/p>\n","protected":false},"author":1,"featured_media":34656,"comment_status":"closed","ping_status":"closed","sticky":false,"template":"","format":"standard","meta":{"footnotes":"","jetpack_publicize_message":"","jetpack_publicize_feature_enabled":true,"jetpack_social_post_already_shared":true,"jetpack_social_options":{"image_generator_settings":{"template":"highway","enabled":false},"version":2}},"categories":[2],"tags":[],"class_list":["post-34655","post","type-post","status-publish","format-standard","has-post-thumbnail","hentry","category-locales"],"jetpack_publicize_connections":[],"_links":{"self":[{"href":"https:\/\/diariorepublica.com.ar\/web\/index.php\/wp-json\/wp\/v2\/posts\/34655"}],"collection":[{"href":"https:\/\/diariorepublica.com.ar\/web\/index.php\/wp-json\/wp\/v2\/posts"}],"about":[{"href":"https:\/\/diariorepublica.com.ar\/web\/index.php\/wp-json\/wp\/v2\/types\/post"}],"author":[{"embeddable":true,"href":"https:\/\/diariorepublica.com.ar\/web\/index.php\/wp-json\/wp\/v2\/users\/1"}],"replies":[{"embeddable":true,"href":"https:\/\/diariorepublica.com.ar\/web\/index.php\/wp-json\/wp\/v2\/comments?post=34655"}],"version-history":[{"count":1,"href":"https:\/\/diariorepublica.com.ar\/web\/index.php\/wp-json\/wp\/v2\/posts\/34655\/revisions"}],"predecessor-version":[{"id":34657,"href":"https:\/\/diariorepublica.com.ar\/web\/index.php\/wp-json\/wp\/v2\/posts\/34655\/revisions\/34657"}],"wp:featuredmedia":[{"embeddable":true,"href":"https:\/\/diariorepublica.com.ar\/web\/index.php\/wp-json\/wp\/v2\/media\/34656"}],"wp:attachment":[{"href":"https:\/\/diariorepublica.com.ar\/web\/index.php\/wp-json\/wp\/v2\/media?parent=34655"}],"wp:term":[{"taxonomy":"category","embeddable":true,"href":"https:\/\/diariorepublica.com.ar\/web\/index.php\/wp-json\/wp\/v2\/categories?post=34655"},{"taxonomy":"post_tag","embeddable":true,"href":"https:\/\/diariorepublica.com.ar\/web\/index.php\/wp-json\/wp\/v2\/tags?post=34655"}],"curies":[{"name":"wp","href":"https:\/\/api.w.org\/{rel}","templated":true}]}}