{"id":34664,"date":"2026-09-02T18:43:52","date_gmt":"2026-09-02T21:43:52","guid":{"rendered":"https:\/\/diariorepublica.com.ar\/web\/?p=34664"},"modified":"2026-09-02T18:43:54","modified_gmt":"2026-09-02T21:43:54","slug":"la-seleccion-argentina-jugara-en-el-pais","status":"publish","type":"post","link":"https:\/\/diariorepublica.com.ar\/web\/index.php\/deportes\/2026\/09\/02\/la-seleccion-argentina-jugara-en-el-pais\/","title":{"rendered":"La Selecci\u00f3n Argentina jugar\u00e1 en el pa\u00eds"},"content":{"rendered":"<p>La Selecci\u00f3n Argentina\u00a0<b>jugar\u00e1 en el pa\u00eds<\/b>\u00a0los partidos amistosos que se disputar\u00e1n en septiembre. Luego del\u00a0retiro de Lionel Messi, la idea de la AFA es que haya<b>\u00a0dos o tres encuentros<\/b>\u00a0en diferentes provincias para la ventana internacional del 21 de septiembre al 6 de octubre.<\/p>\n<p>Si bien todav\u00eda no hay confirmaci\u00f3n oficial, existen negociaciones avanzadas para que las sedes sean la\u00a0<b>Ciudad Aut\u00f3noma de Buenos Aires, C\u00f3rdoba y Rosario<\/b>. Hasta el momento tampoco hubo indicios concretos sobre los rivales con los que se podr\u00eda medir el combinado que dirige Lionel Scaloni.<\/p>\n<p>En medio de la organizaci\u00f3n de los partidos se aguarda una definici\u00f3n para conocer si\u00a0las sanciones impuestas por la FIFA, a ra\u00edz de los incidentes en la final del Mundial, aplican para encuentros amistosos o solo oficiales. Es que adem\u00e1s de las suspensiones a futbolistas\u00a0<b>hay restricciones de aforo<\/b>.<\/p>\n<p>En alg\u00fan momento se especul\u00f3 con realizar una gira por China, pero la determinaci\u00f3n tomada por Messi de no jugar m\u00e1s con la Selecci\u00f3n Argentina\u00a0<b>evapor\u00f3 cualquier oportunidad de ese estilo<\/b>. La Albiceleste saldr\u00e1 a la cancha ya sin la Pulga y por primera vez despu\u00e9s de la Copa del Mundo.<\/p>\n<p>tycsports.com<\/p>\n","protected":false},"excerpt":{"rendered":"<p>La Selecci\u00f3n Argentina\u00a0jugar\u00e1 en el pa\u00eds\u00a0los partidos amistosos que se disputar\u00e1n en septiembre. Luego del\u00a0retiro de Lionel Messi, la idea<\/p>\n","protected":false},"author":1,"featured_media":34665,"comment_status":"closed","ping_status":"closed","sticky":false,"template":"","format":"standard","meta":{"footnotes":"","jetpack_publicize_message":"","jetpack_publicize_feature_enabled":true,"jetpack_social_post_already_shared":true,"jetpack_social_options":{"image_generator_settings":{"template":"highway","enabled":false},"version":2}},"categories":[9],"tags":[],"class_list":["post-34664","post","type-post","status-publish","format-standard","has-post-thumbnail","hentry","category-deportes"],"jetpack_publicize_connections":[],"_links":{"self":[{"href":"https:\/\/diariorepublica.com.ar\/web\/index.php\/wp-json\/wp\/v2\/posts\/34664"}],"collection":[{"href":"https:\/\/diariorepublica.com.ar\/web\/index.php\/wp-json\/wp\/v2\/posts"}],"about":[{"href":"https:\/\/diariorepublica.com.ar\/web\/index.php\/wp-json\/wp\/v2\/types\/post"}],"author":[{"embeddable":true,"href":"https:\/\/diariorepublica.com.ar\/web\/index.php\/wp-json\/wp\/v2\/users\/1"}],"replies":[{"embeddable":true,"href":"https:\/\/diariorepublica.com.ar\/web\/index.php\/wp-json\/wp\/v2\/comments?post=34664"}],"version-history":[{"count":1,"href":"https:\/\/diariorepublica.com.ar\/web\/index.php\/wp-json\/wp\/v2\/posts\/34664\/revisions"}],"predecessor-version":[{"id":34666,"href":"https:\/\/diariorepublica.com.ar\/web\/index.php\/wp-json\/wp\/v2\/posts\/34664\/revisions\/34666"}],"wp:featuredmedia":[{"embeddable":true,"href":"https:\/\/diariorepublica.com.ar\/web\/index.php\/wp-json\/wp\/v2\/media\/34665"}],"wp:attachment":[{"href":"https:\/\/diariorepublica.com.ar\/web\/index.php\/wp-json\/wp\/v2\/media?parent=34664"}],"wp:term":[{"taxonomy":"category","embeddable":true,"href":"https:\/\/diariorepublica.com.ar\/web\/index.php\/wp-json\/wp\/v2\/categories?post=34664"},{"taxonomy":"post_tag","embeddable":true,"href":"https:\/\/diariorepublica.com.ar\/web\/index.php\/wp-json\/wp\/v2\/tags?post=34664"}],"curies":[{"name":"wp","href":"https:\/\/api.w.org\/{rel}","templated":true}]}}