{"id":34667,"date":"2026-09-02T18:45:25","date_gmt":"2026-09-02T21:45:25","guid":{"rendered":"https:\/\/diariorepublica.com.ar\/web\/?p=34667"},"modified":"2026-09-02T18:45:28","modified_gmt":"2026-09-02T21:45:28","slug":"super-rigi-pro-y-ucr-proponen-mas-modificaciones-para-proteger-empresas-locales","status":"publish","type":"post","link":"https:\/\/diariorepublica.com.ar\/web\/index.php\/politica\/2026\/09\/02\/super-rigi-pro-y-ucr-proponen-mas-modificaciones-para-proteger-empresas-locales\/","title":{"rendered":"Super RIGI: PRO y UCR proponen m\u00e1s modificaciones para proteger empresas locales"},"content":{"rendered":"<article id=\"article-post\" class=\"first\">\n<div class=\"cuerpo\" data-twitter-link=\"https:\/\/twitter.com\/intent\/tweet?url=https:\/\/www.diariopopular.com.ar\/c917797&amp;via=poopulardiario&amp;related=Popular&amp;text=\">\n<p id=\"p-1788377324144-98118\">Una nueva propuesta de los bloques aliados al oficialismo en el\u00a0<strong>Senado<\/strong>\u00a0para proteger a las empresas nacionales hizo demorar la firma del despacho sobre el proyecto del\u00a0<strong>Super RIGI,\u00a0<\/strong>con lo cual es probable que se postergue el tratamiento en el recinto de sesiones.<\/p>\n<\/div>\n<\/article>\n<article id=\"article-post\">\n<div class=\"cuerpo\" data-twitter-link=\"#TWEMBEDLINK#\">\n<p id=\"p-1788377324144-86627\">Los bloques de la<strong>\u00a0UCR\u00a0<\/strong>y el<strong>\u00a0PRO<\/strong>\u00a0<strong>pidieron incorporar un art\u00edculo para cuando haya una diferencia del 15% de precios entre la oferta de una empresa nacional y otra extranjera se priorice a la firma de nuestro pa\u00eds.<\/strong><\/p>\n<\/div>\n<\/article>\n<article id=\"article-post\">\n<div class=\"cuerpo\" data-twitter-link=\"#TWEMBEDLINK#\">\n<p id=\"p-1788377324144-6498\"><strong>Bullrich <\/strong>se enter\u00f3 del nuevo reclamo cerca de las 11:00 de este mi\u00e9rcoles, una iniciativa que a\u00fan no tiene la aprobaci\u00f3n del\u00a0<strong>Ministerio de Econom\u00eda<\/strong>, y por eso no se incorpor\u00f3 al despacho de comisi\u00f3n dado que el Gobierno tiene que evaluar ese cambio, segun fuentes parlamentarias.<\/p>\n<article id=\"article-post\">\n<div class=\"cuerpo\" data-twitter-link=\"#TWEMBEDLINK#\">\n<p id=\"p-1788377324145-53050\">La discusi\u00f3n del proyecto del Super RIGI sancionado por diputados se realiz\u00f3 en el plenario de las comisiones de Presupuesto, Econom\u00eda e Inversi\u00f3n Nacional y Legislaci\u00f3n General, que presiden\u00a0<strong>Agust\u00edn Monteverde (LLA), Mart\u00edn Goerling Lara (PRO) y Nadia M\u00e1rquez (LLA).<\/strong><\/p>\n<\/div>\n<\/article>\n<article id=\"article-post\">\n<div class=\"cuerpo\" data-twitter-link=\"#TWEMBEDLINK#\">\n<p id=\"p-1788377324145-30668\">Monteverde anunci\u00f3 que el dictamen-con otros cambios propuestos por los aliados se pasaba a la firma- pero algunos opositores como los\u00a0<strong>macristas Goerling Lara y Mar\u00eda Cristina Huala y el radical Maximiliano Abad<\/strong> decidieron no firmar el despacho.<\/p>\n<p id=\"p-1788377324145-8617\">La<strong>\u00a0jefa del bloque de La Libertad Avanza, Patricia Bullrich,\u00a0<\/strong>ya hab\u00eda aceptado otras modificaciones reclamadas por la UCR, el PRO y distintos bloques provinciales, principalmente en dos puntos sensibles: la protecci\u00f3n de las empresas nacionales y el abastecimiento energ\u00e9tico de los emprendimientos vinculados a la inteligencia artificial y los minerales cr\u00edticos.<\/p>\n<\/div>\n<\/article>\n<\/div>\n<\/article>\n","protected":false},"excerpt":{"rendered":"<p>Una nueva propuesta de los bloques aliados al oficialismo en el\u00a0Senado\u00a0para proteger a las empresas nacionales hizo demorar la firma<\/p>\n","protected":false},"author":1,"featured_media":34668,"comment_status":"closed","ping_status":"closed","sticky":false,"template":"","format":"standard","meta":{"footnotes":"","jetpack_publicize_message":"","jetpack_publicize_feature_enabled":true,"jetpack_social_post_already_shared":true,"jetpack_social_options":{"image_generator_settings":{"template":"highway","enabled":false},"version":2}},"categories":[12],"tags":[],"class_list":["post-34667","post","type-post","status-publish","format-standard","has-post-thumbnail","hentry","category-politica"],"jetpack_publicize_connections":[],"_links":{"self":[{"href":"https:\/\/diariorepublica.com.ar\/web\/index.php\/wp-json\/wp\/v2\/posts\/34667"}],"collection":[{"href":"https:\/\/diariorepublica.com.ar\/web\/index.php\/wp-json\/wp\/v2\/posts"}],"about":[{"href":"https:\/\/diariorepublica.com.ar\/web\/index.php\/wp-json\/wp\/v2\/types\/post"}],"author":[{"embeddable":true,"href":"https:\/\/diariorepublica.com.ar\/web\/index.php\/wp-json\/wp\/v2\/users\/1"}],"replies":[{"embeddable":true,"href":"https:\/\/diariorepublica.com.ar\/web\/index.php\/wp-json\/wp\/v2\/comments?post=34667"}],"version-history":[{"count":1,"href":"https:\/\/diariorepublica.com.ar\/web\/index.php\/wp-json\/wp\/v2\/posts\/34667\/revisions"}],"predecessor-version":[{"id":34669,"href":"https:\/\/diariorepublica.com.ar\/web\/index.php\/wp-json\/wp\/v2\/posts\/34667\/revisions\/34669"}],"wp:featuredmedia":[{"embeddable":true,"href":"https:\/\/diariorepublica.com.ar\/web\/index.php\/wp-json\/wp\/v2\/media\/34668"}],"wp:attachment":[{"href":"https:\/\/diariorepublica.com.ar\/web\/index.php\/wp-json\/wp\/v2\/media?parent=34667"}],"wp:term":[{"taxonomy":"category","embeddable":true,"href":"https:\/\/diariorepublica.com.ar\/web\/index.php\/wp-json\/wp\/v2\/categories?post=34667"},{"taxonomy":"post_tag","embeddable":true,"href":"https:\/\/diariorepublica.com.ar\/web\/index.php\/wp-json\/wp\/v2\/tags?post=34667"}],"curies":[{"name":"wp","href":"https:\/\/api.w.org\/{rel}","templated":true}]}}