{"id":34670,"date":"2026-09-02T18:47:27","date_gmt":"2026-09-02T21:47:27","guid":{"rendered":"https:\/\/diariorepublica.com.ar\/web\/?p=34670"},"modified":"2026-09-02T18:47:29","modified_gmt":"2026-09-02T21:47:29","slug":"messi-sera-homenajeado-en-los-partidos-del-futbol-argentino","status":"publish","type":"post","link":"https:\/\/diariorepublica.com.ar\/web\/index.php\/deportes\/2026\/09\/02\/messi-sera-homenajeado-en-los-partidos-del-futbol-argentino\/","title":{"rendered":"Messi ser\u00e1 homenajeado en los partidos del f\u00fatbol argentino"},"content":{"rendered":"<article id=\"article-post\" class=\"first\">\n<div class=\"cuerpo\" data-twitter-link=\"https:\/\/twitter.com\/intent\/tweet?url=https:\/\/www.diariopopular.com.ar\/c917798&amp;via=poopulardiario&amp;related=Popular&amp;text=\">\n<p id=\"p-1788379405290-8304\"><strong>Lionel Messi ser\u00e1 homenajeado este fin de semana en los partidos del f\u00fatbol argentino luego de anunciar su retiro de la Selecci\u00f3n argentina.\u00a0<\/strong>La AFA estableci\u00f3 que los encuentros de todas las categor\u00edas y disciplinas masculinas y femeninas deber\u00e1n detenerse a los 10 minutos del primer tiempo para realizar un minuto de aplausos en reconocimiento a la trayectoria del capit\u00e1n.<\/p>\n<\/div>\n<\/article>\n<article id=\"article-post\">\n<div class=\"cuerpo\" data-twitter-link=\"#TWEMBEDLINK#\">\n<p id=\"p-1788379405290-27916\"><strong>La medida fue oficializada a trav\u00e9s del bolet\u00edn de la Asociaci\u00f3n del F\u00fatbol Argentino y alcanzar\u00e1 al f\u00fatbol de once, futsal y f\u00fatbol playa.<\/strong>\u00a0<em>\u201cSe dispone que en la pr\u00f3xima fecha de todas las categor\u00edas de todas las disciplinas masculinas y femeninas se detenga el partido a los diez minutos del primer tiempo de juego y se brinde un minuto de aplausos en reconocimiento a la trayectoria de Lionel Messi con la Selecci\u00f3n Argentina\u201d<\/em>, se\u00f1al\u00f3 la resoluci\u00f3n.<\/p>\n<\/div>\n<\/article>\n<article id=\"article-post\">\n<div class=\"cuerpo\" data-twitter-link=\"#TWEMBEDLINK#\">\n<p id=\"p-1788379405290-60199\">El homenaje se realizar\u00e1 durante la pr\u00f3xima fecha de cada competencia y abarcar\u00e1 tanto los torneos masculinos como los femeninos.\u00a0<strong>La decisi\u00f3n busca reconocer los m\u00e1s de 20 a\u00f1os de Messi con la camiseta de la Selecci\u00f3n<\/strong>, desde su debut hasta su etapa como capit\u00e1n y m\u00e1ximo referente del equipo nacional.<\/p>\n<\/div>\n<\/article>\n<article id=\"article-post\">\n<div class=\"cuerpo\" data-twitter-link=\"#TWEMBEDLINK#\">\n<div id=\"807893-Libre-1987662621_wrap\" class=\"embed_cont type_imagen\" contenteditable=\"false\">\n<div id=\"807893-Libre-1987662621_content\" class=\"embed_content\"><img decoding=\"async\" id=\"807893-Libre-1987662621_embed\" title=\"\" src=\"https:\/\/media.diariopopular.com.ar\/p\/f278dee1404bcb06c2de70e4efb7fb52\/adjuntos\/143\/imagenes\/008\/254\/0008254359\/1140x0\/smart\/afa.jpg\" alt=\"\" width=\"1140\" height=\"undefined\" longdesc=\"https:\/\/media.diariopopular.com.ar\/p\/f278dee1404bcb06c2de70e4efb7fb52\/adjuntos\/143\/imagenes\/008\/254\/0008254359\/1140x0\/smart\/afa.jpg\" \/><\/div>\n<div id=\"p-1788379899737-94067\" class=\"embed_wrapper-cont\">\n<div id=\"807893-Libre-1987662621_epigrafe\" class=\"embed_epigrafe\"><\/div>\n<div id=\"807893-Libre-1987662621_copyright\" class=\"embed_copyright\"><\/div>\n<\/div>\n<\/div>\n<p id=\"p-1788379405290-92213\"><strong>La AFA tambi\u00e9n estableci\u00f3 que los estadios que cuenten con pantallas deber\u00e1n proyectar, antes del comienzo de los encuentros, un video institucional preparado especialmente para homenajear al futbolista rosarino.<\/strong><\/p>\n<\/div>\n<\/article>\n<article id=\"article-post\">\n<div class=\"cuerpo\" data-twitter-link=\"#TWEMBEDLINK#\">\n<p id=\"p-1788379405290-53047\">Desde la Liga Profesional acompa\u00f1aron la iniciativa y convocaron a los hinchas a participar del reconocimiento.<strong><em>\u00a0\u201cTe esperamos en las canchas: \u00a1sumate a este reconocimiento!\u201d<\/em><\/strong>, expres\u00f3 el organismo a trav\u00e9s de sus canales oficiales.<\/p>\n<p id=\"p-1788379405290-54813\"><strong>La decisi\u00f3n de la AFA se produjo despu\u00e9s del anuncio realizado por Messi este lunes, mediante el cual confirm\u00f3 que dejar\u00e1 de formar parte del seleccionado argentino.<\/strong>\u00a0El capit\u00e1n puso as\u00ed punto final a una trayectoria de m\u00e1s de dos d\u00e9cadas con la camiseta celeste y blanca.<\/p>\n<p id=\"p-1788379405290-70676\"><strong>En una carta escrita de pu\u00f1o y letra y publicada en sus redes sociales, Messi explic\u00f3 los motivos de su decisi\u00f3n.<\/strong><em>\u00a0\u201cMe vaci\u00e9, ya no tengo m\u00e1s para dar y aparte vienen chicos muy grandes atr\u00e1s que merecen estar\u201d<\/em>, sostuvo el futbolista al comunicar su salida del conjunto nacional.<\/p>\n<p id=\"p-1788379405290-82232\"><strong>La AFA resolvi\u00f3 trasladar ese homenaje a las canchas argentinas mediante una acci\u00f3n que se realizar\u00e1 de manera simult\u00e1nea en las distintas categor\u00edas.<\/strong><\/p>\n<p id=\"p-1788379405290-42509\"><strong>El minuto de aplausos tendr\u00e1 lugar cuando los partidos lleguen a los 10 minutos del primer tiempo, en referencia al n\u00famero que Messi utiliz\u00f3 durante gran parte de su carrera con la Selecci\u00f3n.<\/strong>\u00a0Los encuentros se reanudar\u00e1n una vez finalizado el reconocimiento.<\/p>\n<\/div>\n<\/article>\n","protected":false},"excerpt":{"rendered":"<p>Lionel Messi ser\u00e1 homenajeado este fin de semana en los partidos del f\u00fatbol argentino luego de anunciar su retiro de<\/p>\n","protected":false},"author":1,"featured_media":34671,"comment_status":"closed","ping_status":"closed","sticky":false,"template":"","format":"standard","meta":{"footnotes":"","jetpack_publicize_message":"","jetpack_publicize_feature_enabled":true,"jetpack_social_post_already_shared":true,"jetpack_social_options":{"image_generator_settings":{"template":"highway","enabled":false},"version":2}},"categories":[9],"tags":[],"class_list":["post-34670","post","type-post","status-publish","format-standard","has-post-thumbnail","hentry","category-deportes"],"jetpack_publicize_connections":[],"_links":{"self":[{"href":"https:\/\/diariorepublica.com.ar\/web\/index.php\/wp-json\/wp\/v2\/posts\/34670"}],"collection":[{"href":"https:\/\/diariorepublica.com.ar\/web\/index.php\/wp-json\/wp\/v2\/posts"}],"about":[{"href":"https:\/\/diariorepublica.com.ar\/web\/index.php\/wp-json\/wp\/v2\/types\/post"}],"author":[{"embeddable":true,"href":"https:\/\/diariorepublica.com.ar\/web\/index.php\/wp-json\/wp\/v2\/users\/1"}],"replies":[{"embeddable":true,"href":"https:\/\/diariorepublica.com.ar\/web\/index.php\/wp-json\/wp\/v2\/comments?post=34670"}],"version-history":[{"count":1,"href":"https:\/\/diariorepublica.com.ar\/web\/index.php\/wp-json\/wp\/v2\/posts\/34670\/revisions"}],"predecessor-version":[{"id":34672,"href":"https:\/\/diariorepublica.com.ar\/web\/index.php\/wp-json\/wp\/v2\/posts\/34670\/revisions\/34672"}],"wp:featuredmedia":[{"embeddable":true,"href":"https:\/\/diariorepublica.com.ar\/web\/index.php\/wp-json\/wp\/v2\/media\/34671"}],"wp:attachment":[{"href":"https:\/\/diariorepublica.com.ar\/web\/index.php\/wp-json\/wp\/v2\/media?parent=34670"}],"wp:term":[{"taxonomy":"category","embeddable":true,"href":"https:\/\/diariorepublica.com.ar\/web\/index.php\/wp-json\/wp\/v2\/categories?post=34670"},{"taxonomy":"post_tag","embeddable":true,"href":"https:\/\/diariorepublica.com.ar\/web\/index.php\/wp-json\/wp\/v2\/tags?post=34670"}],"curies":[{"name":"wp","href":"https:\/\/api.w.org\/{rel}","templated":true}]}}