{"id":34673,"date":"2026-09-02T18:53:41","date_gmt":"2026-09-02T21:53:41","guid":{"rendered":"https:\/\/diariorepublica.com.ar\/web\/?p=34673"},"modified":"2026-09-02T18:53:43","modified_gmt":"2026-09-02T21:53:43","slug":"la-vicegobernacion-lanza-el-centro-de-participacion-ciudadana","status":"publish","type":"post","link":"https:\/\/diariorepublica.com.ar\/web\/index.php\/sociedad\/2026\/09\/02\/la-vicegobernacion-lanza-el-centro-de-participacion-ciudadana\/","title":{"rendered":"La Vicegobernaci\u00f3n lanza el Centro de Participaci\u00f3n Ciudadana"},"content":{"rendered":"<p>La Vicegobernaci\u00f3n que conduce Rub\u00e9n Dusso invita a la comunidad a participar del acto de presentaci\u00f3n y primera jornada del Centro de Participaci\u00f3n Ciudadana, una iniciativa pensada para debatir la realidad local, generar proyectos colectivos y concretar acciones transformadoras en la sociedad.<\/p>\n<p>El encuentro, coordinado desde la Direcci\u00f3n de Calidad Humana del Senado, a cargo de Susana Murua, se llevar\u00e1 a cabo este viernes 4 de septiembre, a las 15:30 horas, en el Centro Vecinal \u00abJes\u00fas de la Misericordia\u00bb (Int. Aparicio Victoria 1554).<\/p>\n<p>Durante la jornada, las y los asistentes podr\u00e1n sumarse y trabajar de manera colectiva en ocho comisiones tem\u00e1ticas orientadas al desarrollo provincial: Desarrollo econ\u00f3mico; Desarrollo cultural y deportivo; Justicia y derechos humanos; Pol\u00edtica, ciudadan\u00eda y seguridad; La salud como derecho fundamental; La educaci\u00f3n como pilar de la sociedad; La comunicaci\u00f3n y las nuevas tecnolog\u00edas al servicio de la sociedad y la democracia; y Desarrollo Integral Juvenil.<\/p>\n<p>El Centro de Participaci\u00f3n Ciudadana busca constituirse como un espacio abierto, plural y democr\u00e1tico para impulsar ideas y propuestas nacidas desde el di\u00e1logo directo con las y los vecinos.<\/p>\n","protected":false},"excerpt":{"rendered":"<p>La Vicegobernaci\u00f3n que conduce Rub\u00e9n Dusso invita a la comunidad a participar del acto de presentaci\u00f3n y primera jornada del<\/p>\n","protected":false},"author":1,"featured_media":34674,"comment_status":"closed","ping_status":"closed","sticky":false,"template":"","format":"standard","meta":{"footnotes":"","jetpack_publicize_message":"","jetpack_publicize_feature_enabled":true,"jetpack_social_post_already_shared":true,"jetpack_social_options":{"image_generator_settings":{"template":"highway","enabled":false},"version":2}},"categories":[3],"tags":[],"class_list":["post-34673","post","type-post","status-publish","format-standard","has-post-thumbnail","hentry","category-sociedad"],"jetpack_publicize_connections":[],"_links":{"self":[{"href":"https:\/\/diariorepublica.com.ar\/web\/index.php\/wp-json\/wp\/v2\/posts\/34673"}],"collection":[{"href":"https:\/\/diariorepublica.com.ar\/web\/index.php\/wp-json\/wp\/v2\/posts"}],"about":[{"href":"https:\/\/diariorepublica.com.ar\/web\/index.php\/wp-json\/wp\/v2\/types\/post"}],"author":[{"embeddable":true,"href":"https:\/\/diariorepublica.com.ar\/web\/index.php\/wp-json\/wp\/v2\/users\/1"}],"replies":[{"embeddable":true,"href":"https:\/\/diariorepublica.com.ar\/web\/index.php\/wp-json\/wp\/v2\/comments?post=34673"}],"version-history":[{"count":1,"href":"https:\/\/diariorepublica.com.ar\/web\/index.php\/wp-json\/wp\/v2\/posts\/34673\/revisions"}],"predecessor-version":[{"id":34675,"href":"https:\/\/diariorepublica.com.ar\/web\/index.php\/wp-json\/wp\/v2\/posts\/34673\/revisions\/34675"}],"wp:featuredmedia":[{"embeddable":true,"href":"https:\/\/diariorepublica.com.ar\/web\/index.php\/wp-json\/wp\/v2\/media\/34674"}],"wp:attachment":[{"href":"https:\/\/diariorepublica.com.ar\/web\/index.php\/wp-json\/wp\/v2\/media?parent=34673"}],"wp:term":[{"taxonomy":"category","embeddable":true,"href":"https:\/\/diariorepublica.com.ar\/web\/index.php\/wp-json\/wp\/v2\/categories?post=34673"},{"taxonomy":"post_tag","embeddable":true,"href":"https:\/\/diariorepublica.com.ar\/web\/index.php\/wp-json\/wp\/v2\/tags?post=34673"}],"curies":[{"name":"wp","href":"https:\/\/api.w.org\/{rel}","templated":true}]}}