{"id":34682,"date":"2026-09-03T07:41:58","date_gmt":"2026-09-03T10:41:58","guid":{"rendered":"https:\/\/diariorepublica.com.ar\/web\/?p=34682"},"modified":"2026-09-03T07:42:00","modified_gmt":"2026-09-03T10:42:00","slug":"el-homenaje-a-messi-de-todo-el-futbol-argentino-empezo-en-boca-velez","status":"publish","type":"post","link":"https:\/\/diariorepublica.com.ar\/web\/index.php\/deportes\/2026\/09\/03\/el-homenaje-a-messi-de-todo-el-futbol-argentino-empezo-en-boca-velez\/","title":{"rendered":"El homenaje a Messi de todo el f\u00fatbol argentino empez\u00f3 en Boca-V\u00e9lez"},"content":{"rendered":"<article id=\"article-post\" class=\"first\">\n<div class=\"cuerpo\" data-twitter-link=\"https:\/\/twitter.com\/intent\/tweet?url=https:\/\/www.diariopopular.com.ar\/c917818&amp;via=poopulardiario&amp;related=Popular&amp;text=\">\n<p id=\"p-1788402091081-61920\"><strong>El homenaje a Lionel Messi de todo el f\u00fatbol argentino empez\u00f3 este mi\u00e9rcoles por la noche en el encuentro entre Boca y V\u00e9lez por los octavos de final de la Copa Argentina.<\/strong>\u00a0El encuentro, que se llev\u00f3 a cabo en el Mario Alberto Kempes, se fren\u00f3 a los diez minutos para aplaudir a Leo por su trayectoria en la Selecci\u00f3n Argentina despu\u00e9s de anunciar su retiro del combinado nacional.<\/p>\n<\/div>\n<\/article>\n<article id=\"article-post\">\n<div class=\"cuerpo\" data-twitter-link=\"#TWEMBEDLINK#\">\n<p id=\"p-1788402380192-11933\"><strong>Leandro Paredes, quien est\u00e1 evaluando tambi\u00e9n dar un paso al costado de la Selecci\u00f3n, fue uno de los focos del homenaje por su v\u00ednculo con el rosarino.\u00a0<\/strong>La demostraci\u00f3n de amor y reconocimiento del f\u00fatbol argentino se dar\u00e1 en la pr\u00f3xima fecha<strong>\u00a0de todas las categor\u00edas de todas las disciplinas masculinas y femeninas (once, futsal y f\u00fatbol playa): se detendr\u00e1 el partido a los 10 minutos del primer tiempo de juego y se brindar\u00e1 un minuto de aplausos\u00a0<\/strong>en reconocimiento al paso del astro rosarino con la celeste y blanca.<\/p>\n<\/div>\n<\/article>\n<article id=\"article-post\">\n<div class=\"cuerpo\" data-twitter-link=\"#TWEMBEDLINK#\">\n<p id=\"p-1788401954086-89398\">\u201cAsimismo,\u00a0<strong>en aquellos estadios que cuenten con pantallas deber\u00e1n, previo al inicio de los encuentros, difundir el video institucional de la Asociaci\u00f3n\u201d<\/strong><strong>,<\/strong>\u00a0dispone tambi\u00e9n la resoluci\u00f3n de la mesa directiva de la casa madre del f\u00fatbol argentino. Adem\u00e1s del homenaje que realizar\u00e1n los protagonistas en el campo de juego, el p\u00fablico desde las tribunas acompa\u00f1ar\u00e1 esta iniciativa con aplausos, ovaciones, banderas y canciones alusivas al delantero del Inter Miami.<\/p>\n<\/div>\n<\/article>\n<article id=\"article-post\">\n<div class=\"cuerpo\" data-twitter-link=\"#TWEMBEDLINK#\">\n<p id=\"p-1788401980970-70415\"><strong>La elecci\u00f3n de llevar adelante este reconocimiento en el minuto diez es por el ic\u00f3nico dorsal que utiliz\u00f3 el futbolista de 39 a\u00f1os<\/strong>\u00a0durante gran parte de su etapa en la selecci\u00f3n nacional, de la cual es el jugador con m\u00e1s presencias (207) y con m\u00e1s goles convertidos (125) dejando un legado inigualable.<\/p>\n<\/div>\n<\/article>\n<article id=\"article-post\">\n<div class=\"cuerpo\" data-twitter-link=\"#TWEMBEDLINK#\">\n<div id=\"embed52_wrap\" class=\"embed_cont type_freetext\" contenteditable=\"false\">\n<div id=\"embed52_content\" class=\"embed_content\">\n<div id=\"embed52_embed\">\n<div class=\"twitter-tweet twitter-tweet-rendered\"><iframe id=\"twitter-widget-0\" class=\"\" title=\"X Post\" src=\"https:\/\/platform.twitter.com\/embed\/Tweet.html?creatorScreenName=diariopopular&amp;dnt=false&amp;embedId=twitter-widget-0&amp;features=eyJ0ZndfdGltZWxpbmVfbGlzdCI6eyJidWNrZXQiOltdLCJ2ZXJzaW9uIjpudWxsfSwidGZ3X2ZvbGxvd2VyX2NvdW50X3N1bnNldCI6eyJidWNrZXQiOnRydWUsInZlcnNpb24iOm51bGx9LCJ0ZndfdHdlZXRfZWRpdF9iYWNrZW5kIjp7ImJ1Y2tldCI6Im9uIiwidmVyc2lvbiI6bnVsbH0sInRmd19yZWZzcmNfc2Vzc2lvbiI6eyJidWNrZXQiOiJvbiIsInZlcnNpb24iOm51bGx9LCJ0ZndfZm9zbnJfc29mdF9pbnRlcnZlbnRpb25zX2VuYWJsZWQiOnsiYnVja2V0Ijoib24iLCJ2ZXJzaW9uIjpudWxsfSwidGZ3X21peGVkX21lZGlhXzE1ODk3Ijp7ImJ1Y2tldCI6InRyZWF0bWVudCIsInZlcnNpb24iOm51bGx9LCJ0ZndfZXhwZXJpbWVudHNfY29va2llX2V4cGlyYXRpb24iOnsiYnVja2V0IjoxMjA5NjAwLCJ2ZXJzaW9uIjpudWxsfSwidGZ3X3Nob3dfYmlyZHdhdGNoX3Bpdm90c19lbmFibGVkIjp7ImJ1Y2tldCI6Im9uIiwidmVyc2lvbiI6bnVsbH0sInRmd19kdXBsaWNhdGVfc2NyaWJlc190b19zZXR0aW5ncyI6eyJidWNrZXQiOiJvbiIsInZlcnNpb24iOm51bGx9LCJ0ZndfdXNlX3Byb2ZpbGVfaW1hZ2Vfc2hhcGVfZW5hYmxlZCI6eyJidWNrZXQiOiJvbiIsInZlcnNpb24iOm51bGx9LCJ0ZndfdmlkZW9faGxzX2R5bmFtaWNfbWFuaWZlc3RzXzE1MDgyIjp7ImJ1Y2tldCI6InRydWVfYml0cmF0ZSIsInZlcnNpb24iOm51bGx9LCJ0ZndfbGVnYWN5X3RpbWVsaW5lX3N1bnNldCI6eyJidWNrZXQiOnRydWUsInZlcnNpb24iOm51bGx9LCJ0ZndfdHdlZXRfZWRpdF9mcm9udGVuZCI6eyJidWNrZXQiOiJvbiIsInZlcnNpb24iOm51bGx9fQ%3D%3D&amp;frame=false&amp;hideCard=false&amp;hideThread=false&amp;id=2095309485703102644&amp;lang=en&amp;maxWidth=560px&amp;origin=https%3A%2F%2Fwww.diariopopular.com.ar%2Ffutbol%2Fvideo-el-homenaje-messi-todo-el-futbol-argentino-empezo-boca-velez-n917818&amp;sessionId=be2f6b33f6571ca217df138492313c80a142ab7e&amp;siteScreenName=diariopopular&amp;theme=light&amp;widgetsVersion=6a3ad42b224df%3A1778106238597&amp;width=550px\" frameborder=\"0\" scrolling=\"no\" allowfullscreen=\"allowfullscreen\" data-tweet-id=\"2095309485703102644\" data-gtm-yt-inspected-14=\"true\" data-mce-fragment=\"1\"><\/iframe><\/div>\n<\/div>\n<\/div>\n<div id=\"p-1788401359486-20475\" class=\"embed_wrapper-cont\">\n<div id=\"embed52_epigrafe\" class=\"embed_epigrafe\"><\/div>\n<\/div>\n<\/div>\n<\/div>\n<\/article>\n","protected":false},"excerpt":{"rendered":"<p>El homenaje a Lionel Messi de todo el f\u00fatbol argentino empez\u00f3 este mi\u00e9rcoles por la noche en el encuentro entre<\/p>\n","protected":false},"author":1,"featured_media":34683,"comment_status":"closed","ping_status":"closed","sticky":false,"template":"","format":"standard","meta":{"footnotes":"","jetpack_publicize_message":"","jetpack_publicize_feature_enabled":true,"jetpack_social_post_already_shared":true,"jetpack_social_options":{"image_generator_settings":{"template":"highway","enabled":false},"version":2}},"categories":[9],"tags":[],"class_list":["post-34682","post","type-post","status-publish","format-standard","has-post-thumbnail","hentry","category-deportes"],"jetpack_publicize_connections":[],"_links":{"self":[{"href":"https:\/\/diariorepublica.com.ar\/web\/index.php\/wp-json\/wp\/v2\/posts\/34682"}],"collection":[{"href":"https:\/\/diariorepublica.com.ar\/web\/index.php\/wp-json\/wp\/v2\/posts"}],"about":[{"href":"https:\/\/diariorepublica.com.ar\/web\/index.php\/wp-json\/wp\/v2\/types\/post"}],"author":[{"embeddable":true,"href":"https:\/\/diariorepublica.com.ar\/web\/index.php\/wp-json\/wp\/v2\/users\/1"}],"replies":[{"embeddable":true,"href":"https:\/\/diariorepublica.com.ar\/web\/index.php\/wp-json\/wp\/v2\/comments?post=34682"}],"version-history":[{"count":1,"href":"https:\/\/diariorepublica.com.ar\/web\/index.php\/wp-json\/wp\/v2\/posts\/34682\/revisions"}],"predecessor-version":[{"id":34684,"href":"https:\/\/diariorepublica.com.ar\/web\/index.php\/wp-json\/wp\/v2\/posts\/34682\/revisions\/34684"}],"wp:featuredmedia":[{"embeddable":true,"href":"https:\/\/diariorepublica.com.ar\/web\/index.php\/wp-json\/wp\/v2\/media\/34683"}],"wp:attachment":[{"href":"https:\/\/diariorepublica.com.ar\/web\/index.php\/wp-json\/wp\/v2\/media?parent=34682"}],"wp:term":[{"taxonomy":"category","embeddable":true,"href":"https:\/\/diariorepublica.com.ar\/web\/index.php\/wp-json\/wp\/v2\/categories?post=34682"},{"taxonomy":"post_tag","embeddable":true,"href":"https:\/\/diariorepublica.com.ar\/web\/index.php\/wp-json\/wp\/v2\/tags?post=34682"}],"curies":[{"name":"wp","href":"https:\/\/api.w.org\/{rel}","templated":true}]}}